{"id":55735,"date":"2017-10-20T18:31:05","date_gmt":"2017-10-20T20:31:05","guid":{"rendered":"http:\/\/pdt-rj.org.br\/?p=55735"},"modified":"2017-10-26T10:27:39","modified_gmt":"2017-10-26T12:27:39","slug":"manoel-dias-valoriza-desenvolvimento-da-fundacao-e-do-pdt-em-rondonia","status":"publish","type":"post","link":"https:\/\/pdt-rj.org.br\/index.php\/manoel-dias-valoriza-desenvolvimento-da-fundacao-e-do-pdt-em-rondonia\/","title":{"rendered":"Manoel Dias destaca o desenvolvimento da Funda\u00e7\u00e3o e do PDT em Rond\u00f4nia"},"content":{"rendered":"<p>O presidente da Funda\u00e7\u00e3o Leonel Brizola \u2013 Alberto Pasqualini (FLB-AP),\u00a0 Manoel Dias, destacou o avan\u00e7o da Funda\u00e7\u00e3o e do PDT durante reuni\u00e3o ampliada sobre N\u00facleos de Base com lideran\u00e7as e militantes, em Porto Velho (RO). O\u00a0encontro, realizado na sede do Sindicato dos Urbanit\u00e1rios, tamb\u00e9m analisou a estrutura\u00e7\u00e3o das aulas preparat\u00f3rias para o Exame Nacional do Ensino M\u00e9dio (Enem), desenvolvido pela Universidade Aberta Leonel Brizola (ULB), bem como a presta\u00e7\u00e3o de contas da Funda\u00e7\u00e3o.<\/p>\n<p>Ao exaltar a for\u00e7a da milit\u00e2ncia na regi\u00e3o, Manoel Dias, que tamb\u00e9m \u00e9 secret\u00e1rio-geral nacional do PDT,\u00a0 pontuou que a organiza\u00e7\u00e3o local do partido faz a diferen\u00e7a. \u201cPrecisamos de um partido cada vez mais coeso. Para isso, a nuclea\u00e7\u00e3o e a forma\u00e7\u00e3o pol\u00edtica s\u00e3o fundamentais. Acesse o site da Funda\u00e7\u00e3o (<a href=\"http:\/\/www.flb-ap.org.br\/\">www.flb-ap.org.br<\/a>) e registre seus n\u00facleos\u201d, comentou.<\/p>\n<p>Sobre as elei\u00e7\u00f5es de 2018, Dias refor\u00e7ou que o sucesso da mobiliza\u00e7\u00e3o impactar\u00e1 diretamente nos resultados n\u00e3o s\u00f3 em Rond\u00f4nia, mas em n\u00edvel nacional. \u201cNesse caminho, os movimentos s\u00e3o indispens\u00e1veis. Vamos seguir nessa luta para levar as bandeiras do trabalhismo em cada canto do estado e do Brasil\u201d, convocou.<\/p>\n<p>Organizado pela vice-presidente da FLB-AP e secret\u00e1ria-geral da sigla em Rond\u00f4nia, Marli Mendon\u00e7a, o evento teve a participa\u00e7\u00e3o do vice-prefeito de Ji-Paran\u00e1, Marcito Pinto, que representou o senador Acir Gurgacz, do presidente estadual da Juventude Socialista, C\u00e9lio Lopes, representantes dos movimentos Cultural e Negro, e do membro da Funda\u00e7\u00e3o, Caio Mota.<\/p>\n<!-- AddThis Advanced Settings generic via filter on the_content --><!-- AddThis Share Buttons generic via filter on the_content -->","protected":false},"excerpt":{"rendered":"<p>O presidente da Funda\u00e7\u00e3o Leonel Brizola \u2013 Alberto Pasqualini (FLB-AP),\u00a0 Manoel Dias, destacou o avan\u00e7o da Funda\u00e7\u00e3o e do PDT durante reuni\u00e3o ampliada sobre N\u00facleos de Base com lideran\u00e7as e militantes, em Porto Velho (RO). O\u00a0encontro, realizado na sede do Sindicato dos Urbanit\u00e1rios, tamb\u00e9m analisou a estrutura\u00e7\u00e3o das aulas preparat\u00f3rias para o Exame Nacional do&#8230;<!-- AddThis Advanced Settings generic via filter on wp_trim_excerpt --><!-- AddThis Share Buttons generic via filter on wp_trim_excerpt --><\/p>\n","protected":false},"author":17,"featured_media":55736,"comment_status":"closed","ping_status":"closed","sticky":false,"template":"","format":"standard","meta":{"_monsterinsights_skip_tracking":false,"_monsterinsights_sitenote_active":false,"_monsterinsights_sitenote_note":"","_monsterinsights_sitenote_category":0,"_uf_show_specific_survey":0,"_uf_disable_surveys":false,"footnotes":""},"categories":[1390],"tags":[591,1230],"class_list":["post-55735","post","type-post","status-publish","format-standard","has-post-thumbnail","hentry","category-editorias","tag-manoel-dias","tag-marli-mendonca"],"acf":[],"_links":{"self":[{"href":"https:\/\/pdt-rj.org.br\/index.php\/wp-json\/wp\/v2\/posts\/55735","targetHints":{"allow":["GET"]}}],"collection":[{"href":"https:\/\/pdt-rj.org.br\/index.php\/wp-json\/wp\/v2\/posts"}],"about":[{"href":"https:\/\/pdt-rj.org.br\/index.php\/wp-json\/wp\/v2\/types\/post"}],"author":[{"embeddable":true,"href":"https:\/\/pdt-rj.org.br\/index.php\/wp-json\/wp\/v2\/users\/17"}],"replies":[{"embeddable":true,"href":"https:\/\/pdt-rj.org.br\/index.php\/wp-json\/wp\/v2\/comments?post=55735"}],"version-history":[{"count":8,"href":"https:\/\/pdt-rj.org.br\/index.php\/wp-json\/wp\/v2\/posts\/55735\/revisions"}],"predecessor-version":[{"id":57723,"href":"https:\/\/pdt-rj.org.br\/index.php\/wp-json\/wp\/v2\/posts\/55735\/revisions\/57723"}],"wp:featuredmedia":[{"embeddable":true,"href":"https:\/\/pdt-rj.org.br\/index.php\/wp-json\/wp\/v2\/media\/55736"}],"wp:attachment":[{"href":"https:\/\/pdt-rj.org.br\/index.php\/wp-json\/wp\/v2\/media?parent=55735"}],"wp:term":[{"taxonomy":"category","embeddable":true,"href":"https:\/\/pdt-rj.org.br\/index.php\/wp-json\/wp\/v2\/categories?post=55735"},{"taxonomy":"post_tag","embeddable":true,"href":"https:\/\/pdt-rj.org.br\/index.php\/wp-json\/wp\/v2\/tags?post=55735"}],"curies":[{"name":"wp","href":"https:\/\/api.w.org\/{rel}","templated":true}]}}