{"id":55690,"date":"2017-10-18T16:08:07","date_gmt":"2017-10-18T18:08:07","guid":{"rendered":"http:\/\/pdt-rj.org.br\/?p=55690"},"modified":"2017-10-27T13:22:22","modified_gmt":"2017-10-27T15:22:22","slug":"de-sobral-para-o-brasil-juventude-socialista-reune-mais-de-200-jovens-em-grande-encontro","status":"publish","type":"post","link":"https:\/\/pdt-rj.org.br\/index.php\/de-sobral-para-o-brasil-juventude-socialista-reune-mais-de-200-jovens-em-grande-encontro\/","title":{"rendered":"De Sobral para o Brasil: Juventude Socialista re\u00fane mais de 200 jovens em grande encontro"},"content":{"rendered":"<p>A Juventude Socialista do PDT (JS) realizou, no \u00faltimo s\u00e1bado (14), em Sobral, no Cear\u00e1, um grande debate sobre pol\u00edtica, cidade, golpe e mobilizar a sociedade em torno do projeto Ciro Gomes 2018. O encontro reuniu mais de 200 jovens e foi prestigiado pelo presidente estadual da legenda, o deputado federal Andr\u00e9 Figueiredo, que destacou o momento pol\u00edtico que vivemos e a urgente mobiliza\u00e7\u00e3o da sociedade.<\/p>\n<p>\u201cO povo brasileiro n\u00e3o \u00e9 besta. Precisamos nos movimentar para tirar esse presidente corrupto do poder, onde tudo o que ele faz e aprova \u00e9 para beneficiar bancos e prejudicar os trabalhadores, estudantes, aposentados e nordestinos. N\u00f3 stemos em Sobral o melhor exemplo de gest\u00e3o para o Brasil, sendo a melhor educa\u00e7\u00e3o do pa\u00eds. E \u00e9 justamente com um sobralense que vemos a mudan\u00e7a do Brasil: Ciro Gomes\u201d.<\/p>\n<p>O evento tamb\u00e9m contou com a presen\u00e7a da Dire\u00e7\u00e3o Estadual da JS do Cear\u00e1, do presidente do PDT Sobral, Pedro Arag\u00e3o, do deputado federal Le\u00f4nidas Cristino, do deputado estadual Ferreira Arag\u00e3o, do secret\u00e1rio de Trabalho e Desenvolvimento Social do Cear\u00e1, Josbertini Clementino, da companheira Lia Ferreira Gomes, e do companheiro Jo\u00e3o Victor Esc\u00f3rcio, representando a Dire\u00e7\u00e3o Nacional da JS.<\/p>\n<p>O encontro foi o primeiro de um amplo calend\u00e1rio que ser\u00e1 implantado no Cear\u00e1 e no Brasil pela Juventude Socialista, e marca o pontap\u00e9 inicial do processo de renova\u00e7\u00e3o da Dire\u00e7\u00e3o Estadual da JS Cear\u00e1.<\/p>\n<p>Por meio de uma mensagem em v\u00eddeo, o presidente nacional da JS, William Rodrigues, que n\u00e3o p\u00f4de comparecer ao evento, destacou o importante papel que a JS Sobral e do Cear\u00e1 desempenhar\u00e3o em empenhar em 2018.<\/p>\n<p>\u201cEsperamos grandes resultados desse encontro da JS Sobral. N\u00e3o s\u00f3 em debate acumulado, mas em milit\u00e2ncia motivada, disposta a gastar muita sola de sapato e criar uma verdadeira onda que possa levar para todo o pa\u00eds o nome e as ideias do companheiro Ciro Gomes\u201d.<\/p>\n<!-- AddThis Advanced Settings generic via filter on the_content --><!-- AddThis Share Buttons generic via filter on the_content -->","protected":false},"excerpt":{"rendered":"<p>A Juventude Socialista do PDT (JS) realizou, no \u00faltimo s\u00e1bado (14), em Sobral, no Cear\u00e1, um grande debate sobre pol\u00edtica, cidade, golpe e mobilizar a sociedade em torno do projeto Ciro Gomes 2018. O encontro reuniu mais de 200 jovens e foi prestigiado pelo presidente estadual da legenda, o deputado federal Andr\u00e9 Figueiredo, que destacou&#8230;<!-- AddThis Advanced Settings generic via filter on wp_trim_excerpt --><!-- AddThis Share Buttons generic via filter on wp_trim_excerpt --><\/p>\n","protected":false},"author":17,"featured_media":55691,"comment_status":"closed","ping_status":"closed","sticky":false,"template":"","format":"standard","meta":{"_monsterinsights_skip_tracking":false,"_monsterinsights_sitenote_active":false,"_monsterinsights_sitenote_note":"","_monsterinsights_sitenote_category":0,"_uf_show_specific_survey":0,"_uf_disable_surveys":false,"footnotes":""},"categories":[1390,1402,1586,1397],"tags":[34,220,2674,522,530,539,2395],"class_list":["post-55690","post","type-post","status-publish","format-standard","has-post-thumbnail","hentry","category-editorias","category-cidades","category-juventude-socialista","category-movimentos","tag-andre-figueiredo","tag-ciro-gomes","tag-ciro-gomes-2018","tag-josbertini-clementino","tag-js","tag-juventude-socialista","tag-william-rodrigues"],"acf":[],"_links":{"self":[{"href":"https:\/\/pdt-rj.org.br\/index.php\/wp-json\/wp\/v2\/posts\/55690","targetHints":{"allow":["GET"]}}],"collection":[{"href":"https:\/\/pdt-rj.org.br\/index.php\/wp-json\/wp\/v2\/posts"}],"about":[{"href":"https:\/\/pdt-rj.org.br\/index.php\/wp-json\/wp\/v2\/types\/post"}],"author":[{"embeddable":true,"href":"https:\/\/pdt-rj.org.br\/index.php\/wp-json\/wp\/v2\/users\/17"}],"replies":[{"embeddable":true,"href":"https:\/\/pdt-rj.org.br\/index.php\/wp-json\/wp\/v2\/comments?post=55690"}],"version-history":[{"count":7,"href":"https:\/\/pdt-rj.org.br\/index.php\/wp-json\/wp\/v2\/posts\/55690\/revisions"}],"predecessor-version":[{"id":57732,"href":"https:\/\/pdt-rj.org.br\/index.php\/wp-json\/wp\/v2\/posts\/55690\/revisions\/57732"}],"wp:featuredmedia":[{"embeddable":true,"href":"https:\/\/pdt-rj.org.br\/index.php\/wp-json\/wp\/v2\/media\/55691"}],"wp:attachment":[{"href":"https:\/\/pdt-rj.org.br\/index.php\/wp-json\/wp\/v2\/media?parent=55690"}],"wp:term":[{"taxonomy":"category","embeddable":true,"href":"https:\/\/pdt-rj.org.br\/index.php\/wp-json\/wp\/v2\/categories?post=55690"},{"taxonomy":"post_tag","embeddable":true,"href":"https:\/\/pdt-rj.org.br\/index.php\/wp-json\/wp\/v2\/tags?post=55690"}],"curies":[{"name":"wp","href":"https:\/\/api.w.org\/{rel}","templated":true}]}}