{"id":55648,"date":"2017-10-13T18:58:58","date_gmt":"2017-10-13T21:58:58","guid":{"rendered":"http:\/\/pdt-rj.org.br\/?p=55648"},"modified":"2017-10-24T22:34:58","modified_gmt":"2017-10-25T00:34:58","slug":"organizar-a-luta-fortalecer-a-juventude-e-vencer-2018","status":"publish","type":"post","link":"https:\/\/pdt-rj.org.br\/index.php\/organizar-a-luta-fortalecer-a-juventude-e-vencer-2018\/","title":{"rendered":"&#8220;Organizar a luta, fortalecer a Juventude e vencer 2018\u201d"},"content":{"rendered":"<p>Militante do PDT carioca desde os 16 anos de idade, William Rodrigues, novo presidente nacional da Juventude Socialista (JS), pode ser considerado um s\u00edmbolo da hist\u00f3rica luta do Trabalhismo no Brasil. Filho de uma cobradora de \u00f4nibus divorciada, ele sabe o que \u00e9 nascer negro e pobre em um pa\u00eds onde o preconceito e a desigualdade social empurram milh\u00f5es de pessoas para pobreza e para a criminalidade.<\/p>\n<p>Advogado, formado em Direito, gra\u00e7as ao ProUni, William se declara um defensor das cotas como forma de promover a inclus\u00e3o social. \u201cSempre vi na educa\u00e7\u00e3o a forma mais revolucion\u00e1ria de desafiar a realidade e mudar o mundo\u201d, afirma o jovem, que j\u00e1 apresenta em seu curr\u00edculo a experi\u00eancia de ter atuado na administra\u00e7\u00e3o p\u00fablica, no gabinete de uma autarquia municipal.<\/p>\n<p>Nesta entrevista, concedida ao site do PDT Nacional, o jovem revela suas motiva\u00e7\u00f5es para presidir o movimento do PDT, bem como a import\u00e2ncia da JS em sua forma\u00e7\u00e3o pessoal e pol\u00edtica. \u201cA Juventude Socialista \u00e9 minha maior escola de cidadania; a organiza\u00e7\u00e3o para a qual eu dediquei os melhores anos da minha juventude\u201d, declara o presidente.<\/p>\n<p>Ao apresentar as aspira\u00e7\u00f5es da nova composi\u00e7\u00e3o do movimento pedetista, composta majoritariamente por mulheres e LGBTs, William deixa claro que \u00e9 tempo de mudan\u00e7as. \u201cQueremos lan\u00e7ar o maior censo j\u00e1 feito por uma organiza\u00e7\u00e3o juvenil no Brasil: saber quem somos, quantos somos, onde estamos e muito mais\u201d, revela.<\/p>\n<p>Ao longo da entrevista, o pedetista tamb\u00e9m acrescenta: \u201cNosso objetivo \u00e9 formar, sistematicamente, a nossa milit\u00e2ncia \u2013 tanto para o empoderamento da Juventude nos espa\u00e7os do Partido, quanto para a milit\u00e2ncia e a luta pol\u00edtica de 2018\u201d, diz William Rodrigues.<\/p>\n<p>&nbsp;<\/p>\n<p><strong>Como e voc\u00ea chegou ao PDT? <\/strong><\/p>\n<p><strong><em>William Rodrigues <\/em><\/strong><em>\u2013<\/em>\u00a0Eu disputava a elei\u00e7\u00e3o do gr\u00eamio do Oscar Ten\u00f3rio, em Marechal Hermes, sub\u00farbio do Rio, e fui ao gabinete do vereador Brizola Neto, na C\u00e2mara do Rio, para tirar algumas xeroxes de material de campanha. De repente, um assessor dele me chamou para um bate papo; depois, participei de uma reuni\u00e3o da JS\u2026 Pronto, j\u00e1 estava filiado ao PDT! O ano era 2006. Eu tinha acabado de completar 16 anos; e o assessor era o companheiro Everton Gomes, a quem substitu\u00ed, recentemente, na presid\u00eancia da JS.<\/p>\n<p>&nbsp;<\/p>\n<p><strong>\u00a0<\/strong><strong>Por que o PDT?<\/strong><\/p>\n<p><strong>\u00a0<\/strong><strong>WR \u2013<\/strong> Eu venho do sub\u00farbio do Rio de Janeiro, filho de m\u00e3e divorciada, cobradora de \u00f4nibus; vida dif\u00edcil. \u00a0Adulto prematuro, sempre vi na educa\u00e7\u00e3o a forma mais revolucion\u00e1ria de desafiar a realidade e mudar o mundo. Quando, logo nos primeiros contatos, fui sendo apresentado \u00e0s ideias do PDT, ao legado do Trabalhismo de Vargas e Jango, ao que representava Brizola, \u00e0s ideias de Darcy Ribeiro. N\u00e3o d\u00e1 para teorizar: foi paix\u00e3o \u00e0 primeira vista! O PDT \u00e9, sem d\u00favidas, o partido dos p\u00e9s descal\u00e7os; o partido do jovem, cuja indigna\u00e7\u00e3o e o brilho no olho formam nosso \u00fanico patrim\u00f4nio.<\/p>\n<p><strong>\u00a0<\/strong><\/p>\n<p><strong>O que a JS significa para voc\u00ea?<\/strong><\/p>\n<p><strong>\u00a0<\/strong><strong>WR \u2013<\/strong> A Juventude Socialista \u00e9 minha maior escola de cidadania; a organiza\u00e7\u00e3o para a qual eu dediquei os melhores anos da minha juventude. Os melhores. Nos \u00faltimos 11 anos, a JS sempre teve minha aten\u00e7\u00e3o e prioridade. \u00c9 a JS que nos permite lutar pelas transforma\u00e7\u00f5es nas quais acreditamos. Mudar o mundo, vencer os opressores. Isso \u00e9 o que move milhares de jovens an\u00f4nimos que, diariamente, saem de casa para defender as nossas bandeiras. S\u00f3 uma organiza\u00e7\u00e3o potente e generosa \u00e9 capaz de produzir, por mais de tr\u00eas d\u00e9cadas, os quadros pol\u00edticos que geramos. Foi atrav\u00e9s da JS que eu me tornei l\u00edder estudantil; que conheci quase todas as capitais do pa\u00eds; que aprimorei meus talentos e tento superar meus defeitos, atrav\u00e9s do esfor\u00e7o coletivo e da autocr\u00edtica. E mais: que eu perdi o medo de falar; que eu durmo mais tarde e acordo mais cedo. Mas estes ganhos individuais precisam se tornar coletivos: \u00e9 pela JS que eu passo tanto tempo longe de casa, gastando sola de sapato e muita saliva. Afinal, o mais importante \u00e9 que a Juventude Socialista seja, para um n\u00famero cada vez maior de jovens, a escola que tem sido pra mim.<\/p>\n<p><strong>\u00a0<\/strong><\/p>\n<p><strong>O que o motivou se candidatar \u00e0 presid\u00eancia da JS?<\/strong><\/p>\n<p><em><strong>WR \u2013<\/strong> <\/em>Primordialmente, dar vez e voz a todos os agentes an\u00f4nimos que constru\u00edram e constroem a nossa organiza\u00e7\u00e3o; e que, por anos e anos, sempre ficaram nos bastidores, segurando bandeira, puxando grito de guerra, sem nunca ter al\u00e7ado posi\u00e7\u00f5es de lideran\u00e7a. Fazer com que a presid\u00eancia da JS seja um retrato fiel da sua milit\u00e2ncia. Para alcan\u00e7ar este objetivo, \u00e9 necess\u00e1rio empreender e realizar um grande programa de reformas na JS. Sem a perspectiva de um programa s\u00f3lido, coletivo, generoso e audacioso n\u00e3o haveria candidatura, n\u00e3o haveria William presidente. S\u00f3 com desprendimento teremos cada vez mais uma Juventude forte e unida.<\/p>\n<p>&nbsp;<\/p>\n<p><strong>\u00a0<\/strong><strong>Quais as prioridades de a\u00e7\u00e3o da nova composi\u00e7\u00e3o da JS?<\/strong><\/p>\n<p><strong>\u00a0<\/strong><em><strong>WR \u2013<\/strong><\/em> Temos um programa de reformas bem robusto, que passa por altera\u00e7\u00f5es j\u00e1 aprovadas, como a redu\u00e7\u00e3o da idade e a paridade de g\u00eanero nas pr\u00f3ximas Dire\u00e7\u00f5es da JS. Al\u00e9m disto, existem pontos de aten\u00e7\u00e3o especial, como: informa\u00e7\u00e3o; forma\u00e7\u00e3o pol\u00edtica; n\u00facleos de base; e 2018. Queremos lan\u00e7ar o maior censo j\u00e1 feito por uma organiza\u00e7\u00e3o juvenil no Brasil: saber quem somos, quantos somos, onde estamos e muito mais. Nosso objetivo \u00e9 formar, sistematicamente, a nossa milit\u00e2ncia \u2013 tanto para o empoderamento da Juventude nos espa\u00e7os do Partido, quanto para a milit\u00e2ncia e a luta pol\u00edtica de 2018. Para obtermos \u00eaxito, \u00e9 preciso vestir a camisa do projeto de nuclea\u00e7\u00e3o da FLB-AP e construir uma grande rede de n\u00facleos de base da JS para \u2013 al\u00e9m destas a\u00e7\u00f5es centrais \u2013 construir mecanismos de fortalecimento e protagonismo da JS durante todo o processo eleitoral de 2018. \u201cOrganizar a luta; fortalecer a Juventude; e vencer 2018\u201d: este \u00e9 o nosso mantra.<\/p>\n<p><strong>\u00a0<\/strong><\/p>\n<p><strong>Como voc\u00ea v\u00ea a forma\u00e7\u00e3o pol\u00edtica da juventude militante de esquerda, em geral; sobretudo neste atual cen\u00e1rio pol\u00edtico que atravessa o Brasil?<\/strong><\/p>\n<p><strong>\u00a0<em>WR \u2013<\/em><\/strong> Poucos partidos investem tanto em forma\u00e7\u00e3o pol\u00edtica quanto o PDT, atrav\u00e9s da Funda\u00e7\u00e3o Leonel Brizola \u2013 Alberto Pasqualini, da ULB e da R\u00e1dio Legalidade; al\u00e9m de atividades de alguns movimentos, ainda que de maneira isolada. A Juventude que j\u00e1 est\u00e1 engajada politicamente \u2013 seja em partidos, seja em organiza\u00e7\u00f5es da sociedade civil, coletivos, redes \u2013 \u00e9 uma juventude que, no geral, procurou, de alguma forma, se qualificar politicamente. O nosso desafio \u00e9 atingir a grande massa da juventude que: ou comprou o discurso que criminaliza a pol\u00edtica; ou foi engolida pela vida cada vez mais corrida. Nossa tarefa \u00e9 cumprir o que Brizola, sempre pioneiro, j\u00e1 pregava: \u201cespalhar mentes esclarecidas por cada canto deste Brasil\u201d.<\/p>\n<p><strong>\u00a0<\/strong><\/p>\n<p><strong>Como a JS, e, especificamente a nova dire\u00e7\u00e3o, v\u00ea a candidatura de Ciro Gomes para a <\/strong><strong>Presid\u00eancia? <\/strong><\/p>\n<p><strong>\u00a0<\/strong><em><strong>WR \u2013<\/strong><\/em> Cada militante da JS \u00e9 um soldado nesta grande trincheira que vem se formando em defesa do Brasil, que se chama Ciro Gomes. Desde o primeiro momento, quando o Ciro se filiou, n\u00f3s assumimos a defesa da urgente necessidade da sua candidatura. O Ciro encarna o que o Brasil precisa: firmeza, experi\u00eancia e esperan\u00e7a. Por exemplo: grande parte do planejamento da nossa gest\u00e3o \u00e9 voltada para o desafio eleitoral de 2018. N\u00facleos de base, coletivos, novas plataformas de comunica\u00e7\u00e3o e mobiliza\u00e7\u00e3o, candidaturas da JS; enfim, em cada c\u00e9lula da JS pulsa a convic\u00e7\u00e3o de que todo o esfor\u00e7o ser\u00e1 feito para libertar o Brasil e reconquistar direitos, olhando para o futuro, ao elegermos Ciro Gomes Presidente.<\/p>\n<p><strong>\u00a0<\/strong><\/p>\n<p><strong>H\u00e1 perfis distintos entre os jovens brasileiros simpatizantes do Ciro? Pode-se dizer que os estudantes que o admiram s\u00e3o, majoritariamente, alunos de universidades federais?<\/strong><\/p>\n<p><em><strong>WR \u2013<\/strong><\/em> Sem d\u00favida, o tra\u00e7o caracter\u00edstico da juventude brasileira \u00e9 a pluralidade. Tanto que alguns estudiosos e ativistas preferem o termo juventudes, no plural. E a base social que apoia e simpatiza com o Ciro Gomes n\u00e3o \u00e9 diferente. Ele mobiliza e dialoga com a juventude de forma extremamente plural. Mas Brasil \u00e9 um pa\u00eds continental (a exemplo da juventude, s\u00e3o \u201cBrasis\u201d). H\u00e1 que se aproveitar as melhores oportunidades de dialogar com a sociedade. Hoje, estas oportunidades t\u00eam estado nas universidades federais, em que existe mais tradi\u00e7\u00e3o e liberdade para o debate pol\u00edtico; e que condensa um pouco de todo o tecido social em seus bancos (lembremos dos cotistas). Nos pr\u00f3ximos meses, queremos construir uma s\u00e9rie de agendas que permita um di\u00e1logo mais direto entre o Ciro e as diversas Juventudes: a galera que faz cultura; a galera da favela; a turma dos games; os jovens empreendedores.<\/p>\n<p><strong>\u00a0<\/strong><\/p>\n<p><strong>A que voc\u00ea atribui a vit\u00f3ria de uma chapa composta majoritariamente por mulheres e LGBTs dentro do movimento de maior import\u00e2ncia para a forma\u00e7\u00e3o da base pol\u00edtica do Partido?<\/strong><\/p>\n<p><strong><em>\u00a0WR \u2013<\/em>\u00a0<\/strong>Ao programa que apresentamos durante o Congresso. Ao empenho de cada militante, de cada jovem mulher, de cada companheiro que entendeu a necessidade de construir uma chapa que retratasse, com fidelidade, o programa que constru\u00edmos. Cada dia mais, as mulheres, e n\u00f3s \u2013 LGBTs \u2013 assumimos espa\u00e7os de protagonismo e responsabilidade. Chegou a vez de assumirmos o comando do processo pol\u00edtico. Mas o marco da nova gest\u00e3o ser\u00e1 a unidade, o di\u00e1logo permanente entre nossa dire\u00e7\u00e3o e o Diret\u00f3rio Nacional; e o empoderamento de toda esta galera, ao longo dos pr\u00f3ximos dois anos. Tudo isto com muita participa\u00e7\u00e3o coletiva.<\/p>\n<p><strong>\u00a0<\/strong><\/p>\n<p><strong>A bandeira da defesa da equidade de g\u00eanero teve algum peso no resultado dessa elei\u00e7\u00e3o da JS?<\/strong><\/p>\n<p><strong><em>\u00a0WR \u2013<\/em>\u00a0<\/strong>Esta paridade de g\u00eanero foi constru\u00edda ao longo dos \u00faltimos anos, e chegou ao Congresso quase que como um consenso da nossa organiza\u00e7\u00e3o. Um detalhe ou outro gerava diverg\u00eancia; no calor do Congresso, \u00e9 natural, isto se agiganta. A elei\u00e7\u00e3o da nova Dire\u00e7\u00e3o, repito, tem como base fundamental o programa de reformas, constru\u00eddo e apresentado ao conjunto de delegadas e delegados presentes no nosso <strong>Conjus<\/strong>. A vit\u00f3ria das mulheres e a luta por mais espa\u00e7os devem ser de todos n\u00f3s, jovens socialistas. Queremos e vamos construir uma gest\u00e3o coletiva. Todas e todos s\u00e3o muito bem-vindos para chegar junto e construir grandes vit\u00f3rias. O debate acumulado demanda uma s\u00e9rie de a\u00e7\u00f5es, que queremos que elas, por suas pr\u00f3prias m\u00e3os, executem, como a constru\u00e7\u00e3o do Coletivo Nacional de Jovens Mulheres, o Encontro de Mulheres da JS, entre tantas outras.<\/p>\n<p><strong>\u00a0<\/strong><\/p>\n<p><strong>O PDT \u00e9 o primeiro partido do Pa\u00eds a ter um movimento voltado exclusivamente para a causa LGBT: o PDT Diversidade. Agora, com a nova composi\u00e7\u00e3o da JS, o p\u00fablico LGBT ganha mais representatividade dentro da legenda. Que tipo de mudan\u00e7as isto pode promover dentro e fora do Partido?<\/strong><\/p>\n<p><strong>WR \u2013<\/strong> O PDT vem avan\u00e7ando muito neste debate, que, durante muito tempo, foi deixado para tr\u00e1s e monopolizado por outros partidos de esquerda. O PDT Diversidade \u00e9 uma ferramenta fundamental para o Partido: para superarmos contradi\u00e7\u00f5es e equ\u00edvocos. Na JS, este n\u00e3o \u00e9 um debate novo. S\u00e3o quase 10 anos, desde a semente lan\u00e7ada em seu XIII Congresso, em 2007, no Rio de Janeiro. Depois, veio o pioneirismo do N\u00facleo Flores do Serrado, no DF; do MDC, em Minas Gerais; e do N\u00facleo Cazuza, no Rio. As primeiras participa\u00e7\u00f5es em Confer\u00eancias LGBT se deram com quadros da JS, at\u00e9 chegarmos no I Encontro LGBT da JS, durante o XV Congresso, em Fortaleza 2012. Juventude \u00e9 ousada por natureza. Quando os jovens LGBTs participam dos eventos do Partido, nas suas mais variadas formas de express\u00e3o, debatem, se posicionam: isto quebra barreiras, derruba paradigmas. \u00c9 claro que voc\u00ea ter na lideran\u00e7a da JS um jovem assumidamente gay, e uma Dire\u00e7\u00e3o Nacional com diversos jovens LGBT, contribui com a luta e com o desenvolvimento da agenda de diversidade no Partido. Colocamos a cara ao sol. Agora, \u00e9 derrubar todos os arm\u00e1rios ideol\u00f3gicos que atravancam a luta! Viva a JS! Viva o PDT. Viva o Brasil, com Ciro Presidente!<\/p>\n<!-- AddThis Advanced Settings generic via filter on the_content --><!-- AddThis Share Buttons generic via filter on the_content -->","protected":false},"excerpt":{"rendered":"<p>Militante do PDT carioca desde os 16 anos de idade, William Rodrigues, novo presidente nacional da Juventude Socialista (JS), pode ser considerado um s\u00edmbolo da hist\u00f3rica luta do Trabalhismo no Brasil. Filho de uma cobradora de \u00f4nibus divorciada, ele sabe o que \u00e9 nascer negro e pobre em um pa\u00eds onde o preconceito e a&#8230;<!-- AddThis Advanced Settings generic via filter on wp_trim_excerpt --><!-- AddThis Share Buttons generic via filter on wp_trim_excerpt --><\/p>\n","protected":false},"author":17,"featured_media":55651,"comment_status":"closed","ping_status":"closed","sticky":false,"template":"","format":"standard","meta":{"_monsterinsights_skip_tracking":false,"_monsterinsights_sitenote_active":false,"_monsterinsights_sitenote_note":"","_monsterinsights_sitenote_category":0,"_uf_show_specific_survey":0,"_uf_disable_surveys":false,"footnotes":""},"categories":[1390,1400,1586,1397],"tags":[277,530,539,565,56,38,2395],"class_list":["post-55648","post","type-post","status-publish","format-standard","has-post-thumbnail","hentry","category-editorias","category-entrevistas","category-juventude-socialista","category-movimentos","tag-darcy-ribeiro","tag-js","tag-juventude-socialista","tag-leonel-brizola","tag-lgbt","tag-pdt","tag-william-rodrigues"],"acf":[],"_links":{"self":[{"href":"https:\/\/pdt-rj.org.br\/index.php\/wp-json\/wp\/v2\/posts\/55648","targetHints":{"allow":["GET"]}}],"collection":[{"href":"https:\/\/pdt-rj.org.br\/index.php\/wp-json\/wp\/v2\/posts"}],"about":[{"href":"https:\/\/pdt-rj.org.br\/index.php\/wp-json\/wp\/v2\/types\/post"}],"author":[{"embeddable":true,"href":"https:\/\/pdt-rj.org.br\/index.php\/wp-json\/wp\/v2\/users\/17"}],"replies":[{"embeddable":true,"href":"https:\/\/pdt-rj.org.br\/index.php\/wp-json\/wp\/v2\/comments?post=55648"}],"version-history":[{"count":6,"href":"https:\/\/pdt-rj.org.br\/index.php\/wp-json\/wp\/v2\/posts\/55648\/revisions"}],"predecessor-version":[{"id":55777,"href":"https:\/\/pdt-rj.org.br\/index.php\/wp-json\/wp\/v2\/posts\/55648\/revisions\/55777"}],"wp:featuredmedia":[{"embeddable":true,"href":"https:\/\/pdt-rj.org.br\/index.php\/wp-json\/wp\/v2\/media\/55651"}],"wp:attachment":[{"href":"https:\/\/pdt-rj.org.br\/index.php\/wp-json\/wp\/v2\/media?parent=55648"}],"wp:term":[{"taxonomy":"category","embeddable":true,"href":"https:\/\/pdt-rj.org.br\/index.php\/wp-json\/wp\/v2\/categories?post=55648"},{"taxonomy":"post_tag","embeddable":true,"href":"https:\/\/pdt-rj.org.br\/index.php\/wp-json\/wp\/v2\/tags?post=55648"}],"curies":[{"name":"wp","href":"https:\/\/api.w.org\/{rel}","templated":true}]}}