{"id":55582,"date":"2017-10-10T23:36:11","date_gmt":"2017-10-11T02:36:11","guid":{"rendered":"http:\/\/pdt-rj.org.br\/?p=55582"},"modified":"2017-10-18T19:05:24","modified_gmt":"2017-10-18T21:05:24","slug":"ciro-acredita-que-lula-nao-sera-o-candidato-do-pt-nas-eleicoes-2018","status":"publish","type":"post","link":"https:\/\/pdt-rj.org.br\/index.php\/ciro-acredita-que-lula-nao-sera-o-candidato-do-pt-nas-eleicoes-2018\/","title":{"rendered":"Com Ciro, PDT re\u00fane lideran\u00e7as de sete partidos em Conven\u00e7\u00e3o no Piau\u00ed"},"content":{"rendered":"<p>A Conven\u00e7\u00e3o do PDT do Piau\u00ed, realizada ontem (10), em Teresina, reuniu lideran\u00e7as de sete partidos pol\u00edticos que estabeleceram um debate democr\u00e1tico acerca de encontrar solu\u00e7\u00f5es para o Brasil. Liderados pelo presidenci\u00e1vel pedetista Ciro Gomes, l\u00edderes do PT, PP, PSB, PSDB, PCdoB, PSD e PMDB marcaram presen\u00e7a no encontro, que reconduziu o deputado Fl\u00e1vio Nogueira \u00e0 presid\u00eancia estadual do PDT.<\/p>\n<p>O governador Wellington Dias (PT), a vice-governadora Margarete Coelho (PP), o ex-governador do estado Wilson Martins (PSB) e o prefeito do munic\u00edpio de Regenera\u00e7\u00e3o, Hermes Teixeira, est\u00e3o entre os l\u00edderes partid\u00e1rios que estiveram presentes na Conven\u00e7\u00e3o pedetista.<\/p>\n<p>Para Ciro, a reuni\u00e3o mostrou a disposi\u00e7\u00e3o para o di\u00e1logo, algo que, segundo ele, se perdeu h\u00e1 muito tempo no Pa\u00eds. \u201cFoi uma linda demonstra\u00e7\u00e3o de que o Brasil pode unir partidos diferentes, de matizes ideol\u00f3gicas distintas, rivais nacionalmente ou at\u00e9 mesmo regionalmente, em um mesmo ambiente com o objetivo \u00fanico de pensar e propor solu\u00e7\u00f5es o Pa\u00eds\u201d, destacou o presidenci\u00e1vel.<\/p>\n<p>Ciro tamb\u00e9m fez uma sauda\u00e7\u00e3o especial ao presidente Fl\u00e1vio Nogueira que, segundo o presidenci\u00e1vel, tem conduzido o partido de forma magistral, e destacou o desenvolvimento do PDT no Piau\u00ed.<\/p>\n<p>&#8220;Devemos apresentar candidaturas pr\u00f3prias ao governo, mas n\u00e3o h\u00e1 camisa de for\u00e7a, n\u00e3o h\u00e1 precedente na hist\u00f3ria brasileira de que voc\u00ea, fazendo alian\u00e7a nacional, ela se replique igualzinha em todo canto. Cada lugar tem sua manha, cultura e \u00e9 preciso ter respeito, paci\u00eancia e toler\u00e2ncia com tudo isso&#8221;, avaliou.<\/p>\n<p>J\u00e1 Fl\u00e1vio Nogueira reiterou e destacou que o PDT \u00e9 desenvolvimento e que isso a marca o partido.\u00a0&#8220;Ciro Gomes est\u00e1 mostrando ao Brasil inteiro seu projeto de desenvolvimento, isso faz parte da doutrina do PDT e cabe a n\u00f3s pedetistas prestigiar a Conven\u00e7\u00e3o Estadual. A estrat\u00e9gia \u00e9 estar dando palestras, conversando com profissionais liberais, estudantes, professores e mais na frente ver o crescimento do percentual&#8221;, frisou.<\/p>\n<p>Tamb\u00e9m estiveram presentes na Conven\u00e7\u00e3o o presidente da Funda\u00e7\u00e3o Leonel Brizola \u2013 Alberto Pasqualini e secret\u00e1rio-geral o PDT, Manoel Dias, os deputados estaduais Ziza Carvalho, Fl\u00e1vio Nogueira J\u00fanior e Robert Rios, o prefeito de Palmeiras, Reginaldo J\u00fanior, vice Prefeito de Palmeirais PDT J\u00e2nio C\u00e9sar.<\/p>\n<!-- AddThis Advanced Settings generic via filter on the_content --><!-- AddThis Share Buttons generic via filter on the_content -->","protected":false},"excerpt":{"rendered":"<p>A Conven\u00e7\u00e3o do PDT do Piau\u00ed, realizada ontem (10), em Teresina, reuniu lideran\u00e7as de sete partidos pol\u00edticos que estabeleceram um debate democr\u00e1tico acerca de encontrar solu\u00e7\u00f5es para o Brasil. Liderados pelo presidenci\u00e1vel pedetista Ciro Gomes, l\u00edderes do PT, PP, PSB, PSDB, PCdoB, PSD e PMDB marcaram presen\u00e7a no encontro, que reconduziu o deputado Fl\u00e1vio Nogueira&#8230;<!-- AddThis Advanced Settings generic via filter on wp_trim_excerpt --><!-- AddThis Share Buttons generic via filter on wp_trim_excerpt --><\/p>\n","protected":false},"author":17,"featured_media":55583,"comment_status":"closed","ping_status":"closed","sticky":false,"template":"","format":"standard","meta":{"_monsterinsights_skip_tracking":false,"_monsterinsights_sitenote_active":false,"_monsterinsights_sitenote_note":"","_monsterinsights_sitenote_category":0,"_uf_show_specific_survey":0,"_uf_disable_surveys":false,"footnotes":""},"categories":[1390],"tags":[220,407,591,38,2650],"class_list":["post-55582","post","type-post","status-publish","format-standard","has-post-thumbnail","hentry","category-editorias","tag-ciro-gomes","tag-flavio-nogueira","tag-manoel-dias","tag-pdt","tag-teresina-pi"],"acf":[],"_links":{"self":[{"href":"https:\/\/pdt-rj.org.br\/index.php\/wp-json\/wp\/v2\/posts\/55582","targetHints":{"allow":["GET"]}}],"collection":[{"href":"https:\/\/pdt-rj.org.br\/index.php\/wp-json\/wp\/v2\/posts"}],"about":[{"href":"https:\/\/pdt-rj.org.br\/index.php\/wp-json\/wp\/v2\/types\/post"}],"author":[{"embeddable":true,"href":"https:\/\/pdt-rj.org.br\/index.php\/wp-json\/wp\/v2\/users\/17"}],"replies":[{"embeddable":true,"href":"https:\/\/pdt-rj.org.br\/index.php\/wp-json\/wp\/v2\/comments?post=55582"}],"version-history":[{"count":14,"href":"https:\/\/pdt-rj.org.br\/index.php\/wp-json\/wp\/v2\/posts\/55582\/revisions"}],"predecessor-version":[{"id":55710,"href":"https:\/\/pdt-rj.org.br\/index.php\/wp-json\/wp\/v2\/posts\/55582\/revisions\/55710"}],"wp:featuredmedia":[{"embeddable":true,"href":"https:\/\/pdt-rj.org.br\/index.php\/wp-json\/wp\/v2\/media\/55583"}],"wp:attachment":[{"href":"https:\/\/pdt-rj.org.br\/index.php\/wp-json\/wp\/v2\/media?parent=55582"}],"wp:term":[{"taxonomy":"category","embeddable":true,"href":"https:\/\/pdt-rj.org.br\/index.php\/wp-json\/wp\/v2\/categories?post=55582"},{"taxonomy":"post_tag","embeddable":true,"href":"https:\/\/pdt-rj.org.br\/index.php\/wp-json\/wp\/v2\/tags?post=55582"}],"curies":[{"name":"wp","href":"https:\/\/api.w.org\/{rel}","templated":true}]}}