{"id":55572,"date":"2017-10-10T12:07:54","date_gmt":"2017-10-10T15:07:54","guid":{"rendered":"http:\/\/pdt-rj.org.br\/?p=55572"},"modified":"2017-10-14T00:38:28","modified_gmt":"2017-10-14T03:38:28","slug":"centenario-de-neiva-moreira-um-marco-na-historia-do-pdt","status":"publish","type":"post","link":"https:\/\/pdt-rj.org.br\/index.php\/centenario-de-neiva-moreira-um-marco-na-historia-do-pdt\/","title":{"rendered":"Centen\u00e1rio de Neiva Moreira: um marco na hist\u00f3ria do PDT"},"content":{"rendered":"<p>O Brasil, atualmente, retrata ataques intensos do capital sobre o trabalho, do econ\u00f4mico perante o social, da elite contra o povo. Diante da hist\u00f3ria da na\u00e7\u00e3o, os fatos n\u00e3o s\u00e3o in\u00e9ditos, da mesma forma que o combate feito pelos trabalhistas tamb\u00e9m n\u00e3o. Para retratar a linha de frente dos combates democr\u00e1ticos, surge o nome de Jos\u00e9 Guimar\u00e3es Neiva Moreira, jornalista e deputado federal e estadual pelo Maranh\u00e3o que, hoje (10), completaria 100 anos.<\/p>\n<p>Nascido em Nova Iorque (MA), cidade localizada a 496 quil\u00f4metros de S\u00e3o Lu\u00eds, Neiva Moreira, como era conhecido, foi um parlamentar pedetista combatente, nacionalista, patriota e comprometido com as causas sociais. Com o Golpe Militar, em 1964, Neiva Moreira foi deposto e exilado. Ap\u00f3s a anistia, ajudou a fundar, ao lado de Leonel Brizola, o PDT. Na d\u00e9cada de 80, foi nomeado secret\u00e1rio de Comunica\u00e7\u00e3o Social e presidente do Banco de Desenvolvimento do Estado do Rio de Janeiro.<\/p>\n<p>Na C\u00e2mara dos Deputados, uma das marcas da sua atua\u00e7\u00e3o foi durante a vota\u00e7\u00e3o da PEC 40, em 2003, que tratava da reforma da Previd\u00eancia. Na tribuna, como l\u00edder da bancada do partido, mostrou sua posi\u00e7\u00e3o contr\u00e1ria \u00e0s mudan\u00e7as nos direitos dos cidad\u00e3os, com destaque para as cr\u00edticas \u00e0 taxa\u00e7\u00e3o de inativos e pensionistas do servi\u00e7o p\u00fablico, acompanhando a decis\u00e3o tomada pela Executiva Nacional do PDT na \u00e9poca.<\/p>\n<p>\u201cN\u00e3o ser\u00e1 com a taxa\u00e7\u00e3o dos servidores, que contribu\u00edram regularmente durante toda a sua vida, que o d\u00e9ficit da Previd\u00eancia ser\u00e1 reduzido. A medida \u00e9 injusta, porque condiciona as aposentadorias a contribui\u00e7\u00f5es dos pr\u00f3prios aposentados. Afinal, n\u00e3o s\u00e3o os aposentados que devem pagar suas aposentadorias, mas sim os trabalhadores da ativa\u201d relatava Moreira.<\/p>\n<p>\u201cCombater a desigualdade estrutural e o atual sistema injusto n\u00e3o reside no enfraquecimento econ\u00f4mico daqueles que j\u00e1 t\u00eam suas aposentadorias minguadas por constantes crises sociais\u201d, completou Neiva, que tamb\u00e9m era membros da Academia Maranhense de Letras.<\/p>\n<p>Em outro momento, exaltou a firmeza e coer\u00eancia da sigla, que ajudou a fundar ao lado de Leonel Brizola, ao ler a mensagem da Dire\u00e7\u00e3o Nacional do PDT \u00e0 bancada: \u201cPor considerar in\u00fameras as injusti\u00e7as cometidas em nome de uma necess\u00e1ria reestrutura\u00e7\u00e3o da Previd\u00eancia Social \u2014 que todos reconhecemos ser necess\u00e1ria, mas com crit\u00e9rios corretos, que fa\u00e7a justi\u00e7a aos servidores e preserve o povo \u2014, votamos contrariamente \u00e0 proposta de emenda constitucional em vota\u00e7\u00e3o em segundo turno na C\u00e2mara dos Deputados\u201d.<\/p>\n<p><strong>Patrim\u00f4nio p\u00fablico<\/strong><\/p>\n<p>Para ele, a Petrobras sempre foi um marco de exalta\u00e7\u00e3o da for\u00e7a do Estado como for\u00e7a motriz do desenvolvimento do pa\u00eds. No microfone do Congresso, fazia quest\u00e3o de defender a empresa criada por Get\u00falio Vargas e relembrar a famosa frase do ex-presidente: \u201cO petr\u00f3leo \u00e9 nosso!\u201d<\/p>\n<p>\u201cEsta Casa foi um campo extraordin\u00e1rio de luta. Acreditar que estava tudo f\u00e1cil para a Petrobras come\u00e7ar a funcionar \u00e9 um equ\u00edvoco. N\u00e3o era assim, n\u00e3o. O petr\u00f3leo era uma coisa distante, complexa, dif\u00edcil, um ramo impenetr\u00e1vel. Algumas pessoas n\u00e3o entendiam de petr\u00f3leo, mas sabiam das dificuldades que do Brasil para ter uma ind\u00fastria nacional. N\u00e3o era f\u00e1cil. De outro lado, havia a presen\u00e7a abusiva das grandes empresas internacionais de petr\u00f3leo\u201d, explicou.<\/p>\n<!-- AddThis Advanced Settings generic via filter on the_content --><!-- AddThis Share Buttons generic via filter on the_content -->","protected":false},"excerpt":{"rendered":"<p>O Brasil, atualmente, retrata ataques intensos do capital sobre o trabalho, do econ\u00f4mico perante o social, da elite contra o povo. Diante da hist\u00f3ria da na\u00e7\u00e3o, os fatos n\u00e3o s\u00e3o in\u00e9ditos, da mesma forma que o combate feito pelos trabalhistas tamb\u00e9m n\u00e3o. Para retratar a linha de frente dos combates democr\u00e1ticos, surge o nome de&#8230;<!-- AddThis Advanced Settings generic via filter on wp_trim_excerpt --><!-- AddThis Share Buttons generic via filter on wp_trim_excerpt --><\/p>\n","protected":false},"author":17,"featured_media":53898,"comment_status":"closed","ping_status":"closed","sticky":false,"template":"","format":"standard","meta":{"_monsterinsights_skip_tracking":false,"_monsterinsights_sitenote_active":false,"_monsterinsights_sitenote_note":"","_monsterinsights_sitenote_category":0,"_uf_show_specific_survey":0,"_uf_disable_surveys":false,"footnotes":""},"categories":[1390,1401],"tags":[45],"class_list":["post-55572","post","type-post","status-publish","format-standard","has-post-thumbnail","hentry","category-editorias","category-nacional","tag-neiva-moreira"],"acf":[],"_links":{"self":[{"href":"https:\/\/pdt-rj.org.br\/index.php\/wp-json\/wp\/v2\/posts\/55572","targetHints":{"allow":["GET"]}}],"collection":[{"href":"https:\/\/pdt-rj.org.br\/index.php\/wp-json\/wp\/v2\/posts"}],"about":[{"href":"https:\/\/pdt-rj.org.br\/index.php\/wp-json\/wp\/v2\/types\/post"}],"author":[{"embeddable":true,"href":"https:\/\/pdt-rj.org.br\/index.php\/wp-json\/wp\/v2\/users\/17"}],"replies":[{"embeddable":true,"href":"https:\/\/pdt-rj.org.br\/index.php\/wp-json\/wp\/v2\/comments?post=55572"}],"version-history":[{"count":3,"href":"https:\/\/pdt-rj.org.br\/index.php\/wp-json\/wp\/v2\/posts\/55572\/revisions"}],"predecessor-version":[{"id":55656,"href":"https:\/\/pdt-rj.org.br\/index.php\/wp-json\/wp\/v2\/posts\/55572\/revisions\/55656"}],"wp:featuredmedia":[{"embeddable":true,"href":"https:\/\/pdt-rj.org.br\/index.php\/wp-json\/wp\/v2\/media\/53898"}],"wp:attachment":[{"href":"https:\/\/pdt-rj.org.br\/index.php\/wp-json\/wp\/v2\/media?parent=55572"}],"wp:term":[{"taxonomy":"category","embeddable":true,"href":"https:\/\/pdt-rj.org.br\/index.php\/wp-json\/wp\/v2\/categories?post=55572"},{"taxonomy":"post_tag","embeddable":true,"href":"https:\/\/pdt-rj.org.br\/index.php\/wp-json\/wp\/v2\/tags?post=55572"}],"curies":[{"name":"wp","href":"https:\/\/api.w.org\/{rel}","templated":true}]}}