{"id":55569,"date":"2017-10-09T15:48:51","date_gmt":"2017-10-09T18:48:51","guid":{"rendered":"http:\/\/pdt-rj.org.br\/?p=55569"},"modified":"2017-10-12T22:34:26","modified_gmt":"2017-10-13T01:34:26","slug":"leonel-brizola-foi-o-melhor-governador-da-historia-do-rio-aponta-pesquisa","status":"publish","type":"post","link":"https:\/\/pdt-rj.org.br\/index.php\/leonel-brizola-foi-o-melhor-governador-da-historia-do-rio-aponta-pesquisa\/","title":{"rendered":"Leonel Brizola foi o melhor governador da hist\u00f3ria do Rio, aponta pesquisa do DataFolha"},"content":{"rendered":"<p>Diante do caos existente no Rio de Janeiro, o cidad\u00e3o fluminense \u00e9 bem claro ao mostrar um fato emblem\u00e1tico: Leonel Brizola foi o melhor governador da hist\u00f3ria do estado. Esse reconhecimento foi comprovado em uma pesquisa divulgada pelo DataFolha, divulgada no \u00faltimo s\u00e1bado (9).<\/p>\n<p>Segundo o instituto, o pedetista foi citado por 14% dos 812 participantes, sendo o \u00fanico a superar os 10 pontos percentuais. As entrevistas ocorreram entre os dias 3 e 4 de outubro.<\/p>\n<p>Escolhido governador por duas vezes pelos fluminenses, sendo a primeira gest\u00e3o entre 83 e 87 e a segunda entre 91 e 94, Brizola obteve resultando ainda melhor no p\u00fablico de 45 a 59 anos (23%). Essa amplia\u00e7\u00e3o \u00e9 resultado da an\u00e1lise de uma fatia da popula\u00e7\u00e3o que p\u00f4de acompanhar, efetivamente, a efici\u00eancia do governo liderado pelo PDT.<\/p>\n<p><strong>Legado<\/strong><\/p>\n<p>Com uma trajet\u00f3ria iniciada no Rio Grande do Sul, onde foi deputado estadual (1947 a 1954), prefeito de Porto Alegre (1956 a 1958) e governador (1959 a 1963), Brizola chegou \u00e0 C\u00e2mara dos Deputados pelos votos n\u00e3o s\u00f3 dos ga\u00fachos (1955), mas tamb\u00e9m dos cariocas, em 1963, a partir do extinto estado da Guanabara. Apesar da vit\u00f3ria, foi cassado pelos militares com o Ato Institucional N\u00ba 1 (AI-1), em 9 de abril de 1964.<\/p>\n<p>Exilado por 15 anos, por lutar contra o golpe e a ditadura das For\u00e7as Armadas e considerado o herdeiro do Trabalhismo de Get\u00falio Vargas e Jo\u00e3o Goulart, o pedetista revolucionou a realidade de milh\u00f5es de brasileiros ao priorizar a educa\u00e7\u00e3o.<\/p>\n<p>&#8220;Precisamos inundar o pa\u00eds de consci\u00eancias esclarecidas&#8221;, dizia o ga\u00facho, que tamb\u00e9m se candidatou por duas vezes \u00e0 presidente da Rep\u00fablica (1989 e 1994), bem como uma vez ao cargo de vice-presidente (1998).<\/p>\n<p>Com os Centros Integrados de Educa\u00e7\u00e3o P\u00fablica (CIEPs) desenvolvidos ao lado de Darcy Ribeiro, abriu caminho para um futuro melhor para a na\u00e7\u00e3o, mas o desvio dos governos angor\u00e1s posteriores desmontaram o revolucion\u00e1rio projeto de escola em tempo integral.<\/p>\n<p>\u201cSe os governantes n\u00e3o constru\u00edrem escolas, em 20 anos faltar\u00e1 dinheiro para construir pres\u00eddios\u201d, disse o mineiro Darcy, em 1982. Hoje, a frase confirma a temerosa perspectiva projetada, h\u00e1 35 anos, pelo soci\u00f3logo e ex-senador do PDT.<\/p>\n<!-- AddThis Advanced Settings generic via filter on the_content --><!-- AddThis Share Buttons generic via filter on the_content -->","protected":false},"excerpt":{"rendered":"<p>Diante do caos existente no Rio de Janeiro, o cidad\u00e3o fluminense \u00e9 bem claro ao mostrar um fato emblem\u00e1tico: Leonel Brizola foi o melhor governador da hist\u00f3ria do estado. Esse reconhecimento foi comprovado em uma pesquisa divulgada pelo DataFolha, divulgada no \u00faltimo s\u00e1bado (9). Segundo o instituto, o pedetista foi citado por 14% dos 812&#8230;<!-- AddThis Advanced Settings generic via filter on wp_trim_excerpt --><!-- AddThis Share Buttons generic via filter on wp_trim_excerpt --><\/p>\n","protected":false},"author":17,"featured_media":55570,"comment_status":"closed","ping_status":"closed","sticky":false,"template":"","format":"standard","meta":{"_monsterinsights_skip_tracking":false,"_monsterinsights_sitenote_active":false,"_monsterinsights_sitenote_note":"","_monsterinsights_sitenote_category":0,"_uf_show_specific_survey":0,"_uf_disable_surveys":false,"footnotes":""},"categories":[1390],"tags":[277,437,514,565],"class_list":["post-55569","post","type-post","status-publish","format-standard","has-post-thumbnail","hentry","category-editorias","tag-darcy-ribeiro","tag-getulio-vargas","tag-joao-goulart","tag-leonel-brizola"],"acf":[],"_links":{"self":[{"href":"https:\/\/pdt-rj.org.br\/index.php\/wp-json\/wp\/v2\/posts\/55569","targetHints":{"allow":["GET"]}}],"collection":[{"href":"https:\/\/pdt-rj.org.br\/index.php\/wp-json\/wp\/v2\/posts"}],"about":[{"href":"https:\/\/pdt-rj.org.br\/index.php\/wp-json\/wp\/v2\/types\/post"}],"author":[{"embeddable":true,"href":"https:\/\/pdt-rj.org.br\/index.php\/wp-json\/wp\/v2\/users\/17"}],"replies":[{"embeddable":true,"href":"https:\/\/pdt-rj.org.br\/index.php\/wp-json\/wp\/v2\/comments?post=55569"}],"version-history":[{"count":4,"href":"https:\/\/pdt-rj.org.br\/index.php\/wp-json\/wp\/v2\/posts\/55569\/revisions"}],"predecessor-version":[{"id":55647,"href":"https:\/\/pdt-rj.org.br\/index.php\/wp-json\/wp\/v2\/posts\/55569\/revisions\/55647"}],"wp:featuredmedia":[{"embeddable":true,"href":"https:\/\/pdt-rj.org.br\/index.php\/wp-json\/wp\/v2\/media\/55570"}],"wp:attachment":[{"href":"https:\/\/pdt-rj.org.br\/index.php\/wp-json\/wp\/v2\/media?parent=55569"}],"wp:term":[{"taxonomy":"category","embeddable":true,"href":"https:\/\/pdt-rj.org.br\/index.php\/wp-json\/wp\/v2\/categories?post=55569"},{"taxonomy":"post_tag","embeddable":true,"href":"https:\/\/pdt-rj.org.br\/index.php\/wp-json\/wp\/v2\/tags?post=55569"}],"curies":[{"name":"wp","href":"https:\/\/api.w.org\/{rel}","templated":true}]}}