{"id":55419,"date":"2017-09-27T18:27:47","date_gmt":"2017-09-27T21:27:47","guid":{"rendered":"http:\/\/pdt-rj.org.br\/?p=55419"},"modified":"2017-10-06T11:27:02","modified_gmt":"2017-10-06T14:27:02","slug":"com-a-radio-legalidade-pdt-segue-como-a-voz-combativa-ao-golpismo-nacional","status":"publish","type":"post","link":"https:\/\/pdt-rj.org.br\/index.php\/com-a-radio-legalidade-pdt-segue-como-a-voz-combativa-ao-golpismo-nacional\/","title":{"rendered":"Com a R\u00e1dio Legalidade, PDT segue como a voz combativa ao golpismo nacional"},"content":{"rendered":"<p>Independente e combativa. Ao lan\u00e7ar a nova grade nacional da R\u00e1dio Legalidade, o PDT resgata a hist\u00f3rica e marcante rede de comunica\u00e7\u00e3o promovida por Leonel Brizola em 1961, no Rio Grande do Sul, para enfrentar a onda golpista no Brasil. Com uma plataforma moderna, o ve\u00edculo, que \u00e9 transmitido pela internet (<a href=\"http:\/\/www.radiolegalidade.com\/\">www.radiolegalidade.com<\/a>), re\u00fane 15 emissoras em 14 estados e no Distrito Federal.<\/p>\n<p>Coordenada pela Funda\u00e7\u00e3o Leonel Brizola \u2013 Alberto Pasqualini (FLB-AP), a r\u00e1dio pedetista dar\u00e1 prioridade \u00e0 informa\u00e7\u00e3o de qualidade e reafirmar\u00e1 seu compromisso com a verdade, ponto central de diferencia\u00e7\u00e3o perante a m\u00eddia privada e at\u00e9 p\u00fablica, considerando os princ\u00edpios dos canais do atual governo ileg\u00edtimo de Michel Temer.<\/p>\n<p>Para o jornalista Paulo Ottaran, gestor do canal, o Trabalhismo segue bem representado. \u201cA vis\u00e3o que o PDT tem desse processo, que vem l\u00e1 do in\u00edcio da Cadeia da Legalidade pelo nosso l\u00edder Leonel Brizola, ent\u00e3o governador do Rio Grande do Sul, \u00e9 que os dois lados se aproximem e conversem para avan\u00e7ar na defesa de um pa\u00eds mais justo e democr\u00e1tico\u201d, explicou Ottaran.<\/p>\n<p>Com intensa abertura para a participa\u00e7\u00e3o de parlamentares, lideran\u00e7as, movimentos sociais e sociedade, a programa\u00e7\u00e3o n\u00e3o ter\u00e1 hor\u00e1rios fixos e contar\u00e1 com op\u00e7\u00f5es variadas que atender\u00e3o aos mais diversos gostos de uma audi\u00eancia diversificada, caracter\u00edstica do ambiente online.<\/p>\n<p>Ao longo do dia, o p\u00fablico ter\u00e1 tamb\u00e9m, a cada tr\u00eas m\u00fasicas, um \u2018spot\u2019 (\u00e1udio) com informa\u00e7\u00f5es de cunho pol\u00edtico-partid\u00e1rio, que se integram aos programas. Entre os lan\u00e7amentos, est\u00e1 o \u2018Jornal 12\u2019 \u2013 confira a nova edi\u00e7\u00e3o abaixo -. Nele, o p\u00fablico receber\u00e1, rotineiramente, um resumo anal\u00edtico dos principais assuntos que est\u00e3o em evid\u00eancia. J\u00e1 no \u2018Juventude Rebelde\u2019, a milit\u00e2ncia da Juventude Socialista mostrar\u00e1 que as vozes combativas e questionadoras est\u00e3o presentes nas novas gera\u00e7\u00f5es.<\/p>\n<p>Segundo Ottaran, o partido mostra que segue na vanguarda. \u201cHoje, com essa nova plataforma, que \u00e9 m\u00faltipla e permite integrar \u00e1udio e v\u00eddeo, o r\u00e1dio passou a viver um novo momento. Quando n\u00f3s optamos pelo conceito web, visualizamos exatamente um novo potencial, que inclui o acesso pelo celular a partir de aplicativos\u201d, disse, lembrando que o PDT foi o primeiro partido a ter site.<\/p>\n<p>Sobre o alcance, o jornalista pondera que a diversifica\u00e7\u00e3o \u00e9 um ponto marcante. \u201cN\u00e3o nos limitamos a uma \u00fanica emissora. Hoje, s\u00e3o 15 espalhadas pelo pa\u00eds. Cada uma delas tem suas caracter\u00edsticas e particularidades\u201d, assegurou, ao pontuar que o conte\u00fado tamb\u00e9m \u00e9 disponibilizado gratuitamente para centenas de emissoras, incluindo as comunit\u00e1rias.<\/p>\n<p><iframe loading=\"lazy\" src=\"https:\/\/www.facebook.com\/plugins\/video.php?href=https%3A%2F%2Fwww.facebook.com%2Ffundacaoleonelbrizola%2Fvideos%2F826798540840144%2F&amp;width=348&amp;show_text=false&amp;height=191&amp;appId\" width=\"348\" height=\"191\" frameborder=\"0\" scrolling=\"no\" allowfullscreen=\"allowfullscreen\"><\/iframe><\/p>\n<!-- AddThis Advanced Settings generic via filter on the_content --><!-- AddThis Share Buttons generic via filter on the_content -->","protected":false},"excerpt":{"rendered":"<p>Independente e combativa. Ao lan\u00e7ar a nova grade nacional da R\u00e1dio Legalidade, o PDT resgata a hist\u00f3rica e marcante rede de comunica\u00e7\u00e3o promovida por Leonel Brizola em 1961, no Rio Grande do Sul, para enfrentar a onda golpista no Brasil. Com uma plataforma moderna, o ve\u00edculo, que \u00e9 transmitido pela internet (www.radiolegalidade.com), re\u00fane 15 emissoras&#8230;<!-- AddThis Advanced Settings generic via filter on wp_trim_excerpt --><!-- AddThis Share Buttons generic via filter on wp_trim_excerpt --><\/p>\n","protected":false},"author":17,"featured_media":55421,"comment_status":"closed","ping_status":"closed","sticky":false,"template":"","format":"standard","meta":{"_monsterinsights_skip_tracking":false,"_monsterinsights_sitenote_active":false,"_monsterinsights_sitenote_note":"","_monsterinsights_sitenote_category":0,"_uf_show_specific_survey":0,"_uf_disable_surveys":false,"footnotes":""},"categories":[1390],"tags":[2572,565,38,2001],"class_list":["post-55419","post","type-post","status-publish","format-standard","has-post-thumbnail","hentry","category-editorias","tag-cadeia-da-legalidade","tag-leonel-brizola","tag-pdt","tag-radio-legalidade"],"acf":[],"_links":{"self":[{"href":"https:\/\/pdt-rj.org.br\/index.php\/wp-json\/wp\/v2\/posts\/55419","targetHints":{"allow":["GET"]}}],"collection":[{"href":"https:\/\/pdt-rj.org.br\/index.php\/wp-json\/wp\/v2\/posts"}],"about":[{"href":"https:\/\/pdt-rj.org.br\/index.php\/wp-json\/wp\/v2\/types\/post"}],"author":[{"embeddable":true,"href":"https:\/\/pdt-rj.org.br\/index.php\/wp-json\/wp\/v2\/users\/17"}],"replies":[{"embeddable":true,"href":"https:\/\/pdt-rj.org.br\/index.php\/wp-json\/wp\/v2\/comments?post=55419"}],"version-history":[{"count":5,"href":"https:\/\/pdt-rj.org.br\/index.php\/wp-json\/wp\/v2\/posts\/55419\/revisions"}],"predecessor-version":[{"id":55536,"href":"https:\/\/pdt-rj.org.br\/index.php\/wp-json\/wp\/v2\/posts\/55419\/revisions\/55536"}],"wp:featuredmedia":[{"embeddable":true,"href":"https:\/\/pdt-rj.org.br\/index.php\/wp-json\/wp\/v2\/media\/55421"}],"wp:attachment":[{"href":"https:\/\/pdt-rj.org.br\/index.php\/wp-json\/wp\/v2\/media?parent=55419"}],"wp:term":[{"taxonomy":"category","embeddable":true,"href":"https:\/\/pdt-rj.org.br\/index.php\/wp-json\/wp\/v2\/categories?post=55419"},{"taxonomy":"post_tag","embeddable":true,"href":"https:\/\/pdt-rj.org.br\/index.php\/wp-json\/wp\/v2\/tags?post=55419"}],"curies":[{"name":"wp","href":"https:\/\/api.w.org\/{rel}","templated":true}]}}