{"id":55410,"date":"2017-09-26T19:38:53","date_gmt":"2017-09-26T22:38:53","guid":{"rendered":"http:\/\/pdt-rj.org.br\/?p=55410"},"modified":"2017-10-06T11:29:42","modified_gmt":"2017-10-06T14:29:42","slug":"sergio-vidigal-questiona-mpf-sobre-altos-salarios-de-procuradores","status":"publish","type":"post","link":"https:\/\/pdt-rj.org.br\/index.php\/sergio-vidigal-questiona-mpf-sobre-altos-salarios-de-procuradores\/","title":{"rendered":"S\u00e9rgio Vidigal questiona MPF sobre altos sal\u00e1rios de procuradores"},"content":{"rendered":"<p>O deputado federal Sergio Vidigal (PDT-ES) questionou o Procurador Regional da Rep\u00fablica e Secret\u00e1rio Jur\u00eddico do Minist\u00e9rio P\u00fablico Federal (MPF), Alexandre Camanho de Assis, sobre os altos sal\u00e1rios de procuradores.<br \/>\nA pergunta foi feita durante audi\u00eancia p\u00fablica da Comiss\u00e3o Especial da C\u00e2mara dos Deputados (Projeto de Lei 6726\/2016), que limita os sal\u00e1rios acima do teto constitucional nos Tr\u00eas Poderes.<\/p>\n<p>S\u00e9rgio Vidigal questionou os altos sal\u00e1rios de 97% dos membros do Minist\u00e9rio P\u00fablico de S\u00e3o Paulo, que recebem acima do teto do funcionalismo p\u00fablico, gra\u00e7as a gratifica\u00e7\u00f5es, aux\u00edlios, indeniza\u00e7\u00f5es e outras benesses. A informa\u00e7\u00e3o foi veiculada pelo jornal a Folha de S\u00e3o Paulo em abril deste ano. Vidigal indagou se esses \u201cpenduricalhos\u201d n\u00e3o poderiam ser considerados como uma forma de burlar o disposto na Constitui\u00e7\u00e3o Federal.<\/p>\n<p>A esse questionamento, o procurador informou que o Conselho do Minist\u00e9rio P\u00fablico j\u00e1 come\u00e7ou a fazer uma avalia\u00e7\u00e3o das parcelas pagas a cada unidade da federa\u00e7\u00e3o, para que n\u00e3o haja pagamentos acima do teto do funcionalismo p\u00fablico.\u00a0&#8220;N\u00f3s temos que dar uma presun\u00e7\u00e3o de legitimidade a essas parcelas que est\u00e3o sendo outorgadas pelo Minist\u00e9rio P\u00fablico&#8221;, disse.<\/p>\n<p>O deputado tamb\u00e9m questionou sobre a legalidade em torno do aux\u00edlio-moradia que \u00e9 dado a procuradores que v\u00e3o trabalhar no interior do Brasil.<\/p>\n<p>De acordo com o pedetista, \u00e9 inadmiss\u00edvel que procuradores recebam o benef\u00edcio, mas m\u00e9dicos e professores, profiss\u00f5es essenciais para o pa\u00eds, n\u00e3o tenham o benef\u00edcio quando se deslocam para outras localidades.<\/p>\n<p>\u201cO senhor n\u00e3o acha que o professor e o m\u00e9dico que precisam trabalhar em um local que tamb\u00e9m n\u00e3o t\u00eam profissionais, deveriam ter direito a aux\u00edlio-moradia?\u201d, questionou o deputado.<\/p>\n<p>Alexandre Camanhos respondeu que, atualmente, h\u00e1 aproximadamente 1.200 procuradores pelo pa\u00eds para mais de 200 milh\u00f5es de habitantes, o que obriga o deslocamento desses profissionais.<\/p>\n<p>E ressaltou que o Minist\u00e9rio P\u00fablico espera que m\u00e9dicos e professores sejam remunerados da melhor maneira poss\u00edvel . \u201cA luta do Minist\u00e9rio P\u00fablico \u00e9 que essas categorias essenciais sejam retribu\u00eddas de acordo com a dignidade que lhes s\u00e3o pr\u00f3prias\u201d, comentou.<\/p>\n<p>Outra pergunta do parlamentar ao procurador foi sobre a legalidade das gratifica\u00e7\u00f5es recebidas por causa de exerc\u00edcio acumulativo da profiss\u00e3o.<\/p>\n<p>O representante da Procuradoria Regional disse que o n\u00famero de procuradores desproporcional ao da popula\u00e7\u00e3o torna o trabalho da categoria mais cumulativo.<\/p>\n<p>&#8220;Na medida em que h\u00e1 menos procuradores, eu tenho que exceder a minha atribui\u00e7\u00e3o e trabalhar como se fosse mais um colega. Assim, \u00e9 preciso ter uma contrapartida repositiva extraordin\u00e1ria&#8221;, disse.<\/p>\n<!-- AddThis Advanced Settings generic via filter on the_content --><!-- AddThis Share Buttons generic via filter on the_content -->","protected":false},"excerpt":{"rendered":"<p>O deputado federal Sergio Vidigal (PDT-ES) questionou o Procurador Regional da Rep\u00fablica e Secret\u00e1rio Jur\u00eddico do Minist\u00e9rio P\u00fablico Federal (MPF), Alexandre Camanho de Assis, sobre os altos sal\u00e1rios de procuradores. A pergunta foi feita durante audi\u00eancia p\u00fablica da Comiss\u00e3o Especial da C\u00e2mara dos Deputados (Projeto de Lei 6726\/2016), que limita os sal\u00e1rios acima do teto&#8230;<!-- AddThis Advanced Settings generic via filter on wp_trim_excerpt --><!-- AddThis Share Buttons generic via filter on wp_trim_excerpt --><\/p>\n","protected":false},"author":17,"featured_media":55413,"comment_status":"closed","ping_status":"closed","sticky":false,"template":"","format":"standard","meta":{"_monsterinsights_skip_tracking":false,"_monsterinsights_sitenote_active":false,"_monsterinsights_sitenote_note":"","_monsterinsights_sitenote_category":0,"_uf_show_specific_survey":0,"_uf_disable_surveys":false,"footnotes":""},"categories":[1390],"tags":[2648,2649,873],"class_list":["post-55410","post","type-post","status-publish","format-standard","has-post-thumbnail","hentry","category-editorias","tag-salario-dos-procradores","tag-salarios-acima-do-teto","tag-sergio-vidigal"],"acf":[],"_links":{"self":[{"href":"https:\/\/pdt-rj.org.br\/index.php\/wp-json\/wp\/v2\/posts\/55410","targetHints":{"allow":["GET"]}}],"collection":[{"href":"https:\/\/pdt-rj.org.br\/index.php\/wp-json\/wp\/v2\/posts"}],"about":[{"href":"https:\/\/pdt-rj.org.br\/index.php\/wp-json\/wp\/v2\/types\/post"}],"author":[{"embeddable":true,"href":"https:\/\/pdt-rj.org.br\/index.php\/wp-json\/wp\/v2\/users\/17"}],"replies":[{"embeddable":true,"href":"https:\/\/pdt-rj.org.br\/index.php\/wp-json\/wp\/v2\/comments?post=55410"}],"version-history":[{"count":5,"href":"https:\/\/pdt-rj.org.br\/index.php\/wp-json\/wp\/v2\/posts\/55410\/revisions"}],"predecessor-version":[{"id":55537,"href":"https:\/\/pdt-rj.org.br\/index.php\/wp-json\/wp\/v2\/posts\/55410\/revisions\/55537"}],"wp:featuredmedia":[{"embeddable":true,"href":"https:\/\/pdt-rj.org.br\/index.php\/wp-json\/wp\/v2\/media\/55413"}],"wp:attachment":[{"href":"https:\/\/pdt-rj.org.br\/index.php\/wp-json\/wp\/v2\/media?parent=55410"}],"wp:term":[{"taxonomy":"category","embeddable":true,"href":"https:\/\/pdt-rj.org.br\/index.php\/wp-json\/wp\/v2\/categories?post=55410"},{"taxonomy":"post_tag","embeddable":true,"href":"https:\/\/pdt-rj.org.br\/index.php\/wp-json\/wp\/v2\/tags?post=55410"}],"curies":[{"name":"wp","href":"https:\/\/api.w.org\/{rel}","templated":true}]}}