{"id":55330,"date":"2017-09-18T19:27:42","date_gmt":"2017-09-18T22:27:42","guid":{"rendered":"http:\/\/pdt-rj.org.br\/?p=55330"},"modified":"2017-09-26T20:06:07","modified_gmt":"2017-09-26T23:06:07","slug":"55330","status":"publish","type":"post","link":"https:\/\/pdt-rj.org.br\/index.php\/55330\/","title":{"rendered":"Ciro Gomes prop\u00f5e mobiliza\u00e7\u00e3o nacional a partir dos n\u00facleos de base do PDT"},"content":{"rendered":"<p>\u201cN\u00facleo de base: isso \u00e9 a sa\u00edda para o nosso pa\u00eds e o PDT est\u00e1 propondo a voc\u00ea que participe dele\u201d, afirmou o ex-governador do Cear\u00e1 e pr\u00e9-candidato a presidente da Rep\u00fablica ao exaltar o projeto de nuclea\u00e7\u00e3o coordenado pela Funda\u00e7\u00e3o Leonel Brizola \u2013 Alberto Pasqualini (FLB-AP) e que est\u00e1 presente em todas as regi\u00f5es do Brasil.<\/p>\n<p>Segundo Ciro, que tamb\u00e9m \u00e9 vice-presidente nacional do partido, o Brasil est\u00e1 precisando, dramaticamente, discutir o seu futuro e compreender a raiz dos seus problemas, mas isso n\u00e3o se faz fora da pol\u00edtica. \u201cA luta pol\u00edtica se organiza, ainda que todo mundo esteja, hoje, desconfiado, pelos partidos. \u00c9 preciso separar o joio do trigo\u201d, disse.<\/p>\n<p>Ao analisar a dissemina\u00e7\u00e3o de siglas e a falta conte\u00fado program\u00e1tico, ele define as estruturas necess\u00e1rias para que existam organiza\u00e7\u00f5es efetivas e atuantes a partir de dois pontos: corpo e alma. \u201cA alma \u00e9 a ideologia, o programa, a ideia, o projeto, o que defende para o Pa\u00eds. Isso j\u00e1 faz uma diferen\u00e7a imensa, pois voc\u00ea vai reparar que no meio dessa montanha de partidos, s\u00e3o muito poucos, no Brasil moderno, aqueles que tem coer\u00eancia entre a sua tradi\u00e7\u00e3o e sua pr\u00e1tica contempor\u00e2nea\u201d, ponderou.<\/p>\n<p>\u201cO corpo \u00e9 a milit\u00e2ncia e sua organiza\u00e7\u00e3o. No PDT, que carrega a tradi\u00e7\u00e3o do Trabalhismo, a coer\u00eancia de uma luta que fundou o Brasil moderno correndo riscos tremendos, esteve sempre ao lado da popula\u00e7\u00e3o brasileira, da constru\u00e7\u00e3o da nacionalidade brasileira\u201d, completou.<\/p>\n<p>Sobre o processo de organiza\u00e7\u00e3o, o pedetista ressalta que o partido est\u00e1 refor\u00e7ando sua milit\u00e2ncia atrav\u00e9s da nuclea\u00e7\u00e3o e agregando tamb\u00e9m os n\u00e3o filiados. Ele tamb\u00e9m convoca os cidad\u00e3os para que atuem no seu c\u00edrculo social.<\/p>\n<p>\u201cProcure na sua escola, igreja, comunidade, aonde quer que voc\u00ea esteja. Busque se aproximar, fundar e organizar um n\u00facleo de base para que a gente possa disseminar, pelo pa\u00eds afora, essas c\u00e9lulas, de corpo e alma, integradas na constru\u00e7\u00e3o de um Brasil que supere esse momento tr\u00e1gico que est\u00e1 dando tanta infelicidade ao nosso povo\u201d, convocou.<\/p>\n<p><strong>Informa\u00e7\u00e3o<\/strong><\/p>\n<p>Para mais detalhes sobre o projeto dos n\u00facleos de base, acesse\u00a0<a href=\"http:\/\/flb-ap.org.br\/wp\/wp-content\/uploads\/2015\/11\/Cartilha-N%C3%BAcleos-de-Base-PDT1.pdf\">aqui<\/a>\u00a0a cartilha.<\/p>\n<p><strong>Cadastramento<\/strong><\/p>\n<p>Ap\u00f3s a cria\u00e7\u00e3o do n\u00facleo, \u00e9 necess\u00e1rio oficializ\u00e1-lo. Clique\u00a0<a href=\"http:\/\/flb-ap.org.br\/noticia.php?id=1950&amp;title=inscricoes-para-o-nucleo-de-base\">aqui<\/a>\u00a0e fa\u00e7a o cadastramento.<\/p>\n<p><strong>Confira o v\u00eddeo do Ciro Gomes: \u00a0 \u00a0 \u00a0 \u00a0 \u00a0 \u00a0 \u00a0 \u00a0 \u00a0<\/strong><br \/>\n<iframe loading=\"lazy\" src=\"https:\/\/www.facebook.com\/plugins\/video.php?href=https%3A%2F%2Fwww.facebook.com%2Ffundacaoleonelbrizola%2Fvideos%2F822980747888590%2F&amp;width=348&amp;show_text=false&amp;height=216&amp;appId\" width=\"348\" height=\"216\" frameborder=\"0\" scrolling=\"no\" allowfullscreen=\"allowfullscreen\" data-mce-fragment=\"1\"><\/iframe><\/p>\n<!-- AddThis Advanced Settings generic via filter on the_content --><!-- AddThis Share Buttons generic via filter on the_content -->","protected":false},"excerpt":{"rendered":"<p>\u201cN\u00facleo de base: isso \u00e9 a sa\u00edda para o nosso pa\u00eds e o PDT est\u00e1 propondo a voc\u00ea que participe dele\u201d, afirmou o ex-governador do Cear\u00e1 e pr\u00e9-candidato a presidente da Rep\u00fablica ao exaltar o projeto de nuclea\u00e7\u00e3o coordenado pela Funda\u00e7\u00e3o Leonel Brizola \u2013 Alberto Pasqualini (FLB-AP) e que est\u00e1 presente em todas as regi\u00f5es&#8230;<!-- AddThis Advanced Settings generic via filter on wp_trim_excerpt --><!-- AddThis Share Buttons generic via filter on wp_trim_excerpt --><\/p>\n","protected":false},"author":17,"featured_media":55331,"comment_status":"closed","ping_status":"closed","sticky":false,"template":"","format":"standard","meta":{"_monsterinsights_skip_tracking":false,"_monsterinsights_sitenote_active":false,"_monsterinsights_sitenote_note":"","_monsterinsights_sitenote_category":0,"_uf_show_specific_survey":0,"_uf_disable_surveys":false,"footnotes":""},"categories":[1390],"tags":[220,408,426,2394,38,46],"class_list":["post-55330","post","type-post","status-publish","format-standard","has-post-thumbnail","hentry","category-editorias","tag-ciro-gomes","tag-flb-ap","tag-fundacao-leonel-brizola-alberto-pasqualini","tag-nucleos-de-base","tag-pdt","tag-trabalhismo"],"acf":[],"_links":{"self":[{"href":"https:\/\/pdt-rj.org.br\/index.php\/wp-json\/wp\/v2\/posts\/55330","targetHints":{"allow":["GET"]}}],"collection":[{"href":"https:\/\/pdt-rj.org.br\/index.php\/wp-json\/wp\/v2\/posts"}],"about":[{"href":"https:\/\/pdt-rj.org.br\/index.php\/wp-json\/wp\/v2\/types\/post"}],"author":[{"embeddable":true,"href":"https:\/\/pdt-rj.org.br\/index.php\/wp-json\/wp\/v2\/users\/17"}],"replies":[{"embeddable":true,"href":"https:\/\/pdt-rj.org.br\/index.php\/wp-json\/wp\/v2\/comments?post=55330"}],"version-history":[{"count":5,"href":"https:\/\/pdt-rj.org.br\/index.php\/wp-json\/wp\/v2\/posts\/55330\/revisions"}],"predecessor-version":[{"id":55340,"href":"https:\/\/pdt-rj.org.br\/index.php\/wp-json\/wp\/v2\/posts\/55330\/revisions\/55340"}],"wp:featuredmedia":[{"embeddable":true,"href":"https:\/\/pdt-rj.org.br\/index.php\/wp-json\/wp\/v2\/media\/55331"}],"wp:attachment":[{"href":"https:\/\/pdt-rj.org.br\/index.php\/wp-json\/wp\/v2\/media?parent=55330"}],"wp:term":[{"taxonomy":"category","embeddable":true,"href":"https:\/\/pdt-rj.org.br\/index.php\/wp-json\/wp\/v2\/categories?post=55330"},{"taxonomy":"post_tag","embeddable":true,"href":"https:\/\/pdt-rj.org.br\/index.php\/wp-json\/wp\/v2\/tags?post=55330"}],"curies":[{"name":"wp","href":"https:\/\/api.w.org\/{rel}","templated":true}]}}