{"id":55309,"date":"2017-09-18T17:31:17","date_gmt":"2017-09-18T20:31:17","guid":{"rendered":"http:\/\/pdt-rj.org.br\/?p=55309"},"modified":"2017-09-18T15:40:11","modified_gmt":"2017-09-18T18:40:11","slug":"pdt-mostra-forca-e-ratifica-lideranca-no-congresso-nacional-da-conam","status":"publish","type":"post","link":"https:\/\/pdt-rj.org.br\/index.php\/pdt-mostra-forca-e-ratifica-lideranca-no-congresso-nacional-da-conam\/","title":{"rendered":"PDT mostra for\u00e7a e ratifica lideran\u00e7a no Congresso Nacional da Conam"},"content":{"rendered":"<p>O PDT, por meio do Movimento Comunit\u00e1rio Trabalhista (MCT), consolidou sua lideran\u00e7a no setor ap\u00f3s a conclus\u00e3o do XIII Congresso da Confedera\u00e7\u00e3o Nacional das Associa\u00e7\u00f5es de Moradores (Conam), que foi realizado entre os dias 14 e 16 de setembro, na sede do Sindicato dos Trabalhadores P\u00fablicos Federais em Sa\u00fade e Previd\u00eancia Social (Sindsprev), em Recife (PE).<\/p>\n<p>Ap\u00f3s 25 anos ausente da Conam, o partido teve, em sua bancada, 204 delegados e se constituiu como a segunda maior for\u00e7a do Congresso. Com um retorno estruturado, conquistou uma presen\u00e7a marcante na nova executiva da entidade, com o presidente nacional do MCT, Jordaci Matos, de Goi\u00e1s, na Secretaria-Geral; Augusto Miranda, de Pernambuco, na segunda Vice-Presid\u00eancia, e Nice Couto, de S\u00e3o Paulo, na Secretaria de Educa\u00e7\u00e3o.<\/p>\n<p>J\u00e1 na diretoria do Pleno foram eleitos Wendel Pinheiro, do Rio Grande do Sul; S\u00e1vio Salvador, da Para\u00edba; Andr\u00e9 Leal, do Maranh\u00e3o; Jorge Maicon Louren\u00e7o, do Rio de Janeiro; Etevaldo Teles, de Sergipe; e Dami\u00e3o Silva, de Goi\u00e1s.<\/p>\n<p><strong>Combate<\/strong><\/p>\n<p>No evento, o MCT tamb\u00e9m lan\u00e7ou um manifesto contra governo Temer e a favor da manuten\u00e7\u00e3o dos direitos do povo brasileiro. Os pedetistas tamb\u00e9m mostraram a necessidade de uma gest\u00e3o comprometida com o povo.<\/p>\n<p>\u201cA\u00e7\u00f5es como as terceiriza\u00e7\u00f5es, a reformas trabalhista, previdenci\u00e1ria e do Ensino M\u00e9dio, al\u00e9m da san\u00e7\u00e3o da PEC 55, merecem a nossa repulsa cont\u00ednua\u201d, indica o manifesto.<\/p>\n<p>Ao exaltar o intenso trabalho nas bases em todo o Brasil, os membros do partido ressaltam a import\u00e2ncia de cada militante. \u201cQue todos n\u00f3s tenhamos consci\u00eancia do nosso papel pol\u00edtico, enquanto atores sociais, face a profunda crise pol\u00edtica sem precedentes\u201d, complementa o texto.<\/p>\n<!-- AddThis Advanced Settings generic via filter on the_content --><!-- AddThis Share Buttons generic via filter on the_content -->","protected":false},"excerpt":{"rendered":"<p>O PDT, por meio do Movimento Comunit\u00e1rio Trabalhista (MCT), consolidou sua lideran\u00e7a no setor ap\u00f3s a conclus\u00e3o do XIII Congresso da Confedera\u00e7\u00e3o Nacional das Associa\u00e7\u00f5es de Moradores (Conam), que foi realizado entre os dias 14 e 16 de setembro, na sede do Sindicato dos Trabalhadores P\u00fablicos Federais em Sa\u00fade e Previd\u00eancia Social (Sindsprev), em Recife&#8230;<!-- AddThis Advanced Settings generic via filter on wp_trim_excerpt --><!-- AddThis Share Buttons generic via filter on wp_trim_excerpt --><\/p>\n","protected":false},"author":17,"featured_media":55310,"comment_status":"closed","ping_status":"closed","sticky":false,"template":"","format":"standard","meta":{"_monsterinsights_skip_tracking":false,"_monsterinsights_sitenote_active":false,"_monsterinsights_sitenote_note":"","_monsterinsights_sitenote_category":0,"_uf_show_specific_survey":0,"_uf_disable_surveys":false,"footnotes":""},"categories":[1390],"tags":[2601,2577,1780,2600,2113,2599],"class_list":["post-55309","post","type-post","status-publish","format-standard","has-post-thumbnail","hentry","category-editorias","tag-jordaci-matos","tag-movimento-comunitario-trabalhista","tag-pec-55","tag-sindsprev","tag-wendel-pinheiro","tag-xiii-congresso-da-confederacao-nacional-das-associacoes-de-moradores"],"acf":[],"_links":{"self":[{"href":"https:\/\/pdt-rj.org.br\/index.php\/wp-json\/wp\/v2\/posts\/55309","targetHints":{"allow":["GET"]}}],"collection":[{"href":"https:\/\/pdt-rj.org.br\/index.php\/wp-json\/wp\/v2\/posts"}],"about":[{"href":"https:\/\/pdt-rj.org.br\/index.php\/wp-json\/wp\/v2\/types\/post"}],"author":[{"embeddable":true,"href":"https:\/\/pdt-rj.org.br\/index.php\/wp-json\/wp\/v2\/users\/17"}],"replies":[{"embeddable":true,"href":"https:\/\/pdt-rj.org.br\/index.php\/wp-json\/wp\/v2\/comments?post=55309"}],"version-history":[{"count":1,"href":"https:\/\/pdt-rj.org.br\/index.php\/wp-json\/wp\/v2\/posts\/55309\/revisions"}],"predecessor-version":[{"id":55311,"href":"https:\/\/pdt-rj.org.br\/index.php\/wp-json\/wp\/v2\/posts\/55309\/revisions\/55311"}],"wp:featuredmedia":[{"embeddable":true,"href":"https:\/\/pdt-rj.org.br\/index.php\/wp-json\/wp\/v2\/media\/55310"}],"wp:attachment":[{"href":"https:\/\/pdt-rj.org.br\/index.php\/wp-json\/wp\/v2\/media?parent=55309"}],"wp:term":[{"taxonomy":"category","embeddable":true,"href":"https:\/\/pdt-rj.org.br\/index.php\/wp-json\/wp\/v2\/categories?post=55309"},{"taxonomy":"post_tag","embeddable":true,"href":"https:\/\/pdt-rj.org.br\/index.php\/wp-json\/wp\/v2\/tags?post=55309"}],"curies":[{"name":"wp","href":"https:\/\/api.w.org\/{rel}","templated":true}]}}