{"id":55304,"date":"2017-09-18T14:14:31","date_gmt":"2017-09-18T17:14:31","guid":{"rendered":"http:\/\/pdt-rj.org.br\/?p=55304"},"modified":"2017-09-24T23:21:48","modified_gmt":"2017-09-25T02:21:48","slug":"na-china-pdt-se-reune-com-partido-comunista-para-debater-questoes-sociais-economicas-e-politicas","status":"publish","type":"post","link":"https:\/\/pdt-rj.org.br\/index.php\/na-china-pdt-se-reune-com-partido-comunista-para-debater-questoes-sociais-economicas-e-politicas\/","title":{"rendered":"Na China, PDT se re\u00fane com Partido Comunista para debater quest\u00f5es sociais, econ\u00f4micas e pol\u00edticas"},"content":{"rendered":"<p>Representantes do PDT est\u00e3o na China, em visita oficial a convite do Partido Comunista da China (PCCh). Chefiada por Brizola Neto, ex-ministro do Trabalho e Emprego, a comitiva participa de agendas compostas por debates para analisar quest\u00f5es sociais, econ\u00f4micas e pol\u00edticas dos pa\u00edses, com destaque para a\u00e7\u00f5es integradas entre as siglas de esquerda.<\/p>\n<p>A delega\u00e7\u00e3o pedetista conta com as presen\u00e7as de Marli Mendon\u00e7a, da dire\u00e7\u00e3o nacional da A\u00e7\u00e3o da Mulher Trabalhista (AMT), William Rodrigues, presidente nacional da Juventude Socialista, e Augusto Ribeiro, presidente do PDT na cidade do Rio de Janeiro.<\/p>\n<p>Desde ontem (17), o grupo j\u00e1 realizou, em conjunto com outros representantes de partidos de esquerda, atividades nas cidades de Guangzhou e Zuhay, onde foram recebidos pelo vice-prefeito, Zhu Qingqiao, para uma confer\u00eancia. Nos pr\u00f3ximos dias os pedetistas ter\u00e3o uma reuni\u00e3o com o vice-ministro do PCCh, Li Jun.<\/p>\n<p>Para Brizola Neto, as atividades reafirmam os la\u00e7os hist\u00f3ricos entre os partidos. \u201cO Trabalhismo de Get\u00falio Vargas, Jo\u00e3o Goulart e Leonel Brizola mant\u00e9m sua coer\u00eancia e reafirma a luta contra os retrocessos gerados pelo governo Temer. Com a pr\u00e9-candidatura de Ciro Gomes, vamos proporcionar a retomada do crescimento econ\u00f4mico alinhado ao avan\u00e7o da justi\u00e7a social\u201d, explicou.<\/p>\n<p>Segundo Willian Rodrigues, o pa\u00eds asi\u00e1tico \u00e9 um parceiro estrat\u00e9gico e apresenta exemplos de sucesso nas \u00e1reas de educa\u00e7\u00e3o e sa\u00fade.<\/p>\n<p>\u201cO povo \u00e9 prioridade e os jovens representam a esperan\u00e7a. Socialismo, reformas e desenvolvimento&#8221;, disse, ao completar: &#8220;Com a melhoria da qualidade de vida \u00e9 que conseguiremos mudar, definitivamente, o futuro da nossa na\u00e7\u00e3o\u201d.<\/p>\n<p><strong>Alinhamento<\/strong><\/p>\n<p>Em julho deste ano, o secret\u00e1rio-geral do PDT, Manoel Dias, recebeu representantes do PCCh, no Rio de Janeiro, para tratar da crise econ\u00f4mica e pol\u00edtica do Brasil, da import\u00e2ncia da candidatura de Ciro Gomes, em 2018, al\u00e9m da integra\u00e7\u00e3o das institui\u00e7\u00f5es com foco no desenvolvimento social.<\/p>\n<!-- AddThis Advanced Settings generic via filter on the_content --><!-- AddThis Share Buttons generic via filter on the_content -->","protected":false},"excerpt":{"rendered":"<p>Representantes do PDT est\u00e3o na China, em visita oficial a convite do Partido Comunista da China (PCCh). Chefiada por Brizola Neto, ex-ministro do Trabalho e Emprego, a comitiva participa de agendas compostas por debates para analisar quest\u00f5es sociais, econ\u00f4micas e pol\u00edticas dos pa\u00edses, com destaque para a\u00e7\u00f5es integradas entre as siglas de esquerda. A delega\u00e7\u00e3o&#8230;<!-- AddThis Advanced Settings generic via filter on wp_trim_excerpt --><!-- AddThis Share Buttons generic via filter on wp_trim_excerpt --><\/p>\n","protected":false},"author":17,"featured_media":55305,"comment_status":"closed","ping_status":"closed","sticky":false,"template":"","format":"standard","meta":{"_monsterinsights_skip_tracking":false,"_monsterinsights_sitenote_active":false,"_monsterinsights_sitenote_note":"","_monsterinsights_sitenote_category":0,"_uf_show_specific_survey":0,"_uf_disable_surveys":false,"footnotes":""},"categories":[1390],"tags":[87,111,2598,220,437,514,539,565,2596,591,1230,2440,2441,2395,2597],"class_list":["post-55304","post","type-post","status-publish","format-standard","has-post-thumbnail","hentry","category-editorias","tag-acao-da-mulher-trabalhista","tag-amt","tag-augusto-ribeiro","tag-ciro-gomes","tag-getulio-vargas","tag-joao-goulart","tag-juventude-socialista","tag-leonel-brizola","tag-li-jun","tag-manoel-dias","tag-marli-mendonca","tag-partido-comunista-da-china","tag-pcch","tag-william-rodrigues","tag-zhu-qingqiao"],"acf":[],"_links":{"self":[{"href":"https:\/\/pdt-rj.org.br\/index.php\/wp-json\/wp\/v2\/posts\/55304","targetHints":{"allow":["GET"]}}],"collection":[{"href":"https:\/\/pdt-rj.org.br\/index.php\/wp-json\/wp\/v2\/posts"}],"about":[{"href":"https:\/\/pdt-rj.org.br\/index.php\/wp-json\/wp\/v2\/types\/post"}],"author":[{"embeddable":true,"href":"https:\/\/pdt-rj.org.br\/index.php\/wp-json\/wp\/v2\/users\/17"}],"replies":[{"embeddable":true,"href":"https:\/\/pdt-rj.org.br\/index.php\/wp-json\/wp\/v2\/comments?post=55304"}],"version-history":[{"count":3,"href":"https:\/\/pdt-rj.org.br\/index.php\/wp-json\/wp\/v2\/posts\/55304\/revisions"}],"predecessor-version":[{"id":55350,"href":"https:\/\/pdt-rj.org.br\/index.php\/wp-json\/wp\/v2\/posts\/55304\/revisions\/55350"}],"wp:featuredmedia":[{"embeddable":true,"href":"https:\/\/pdt-rj.org.br\/index.php\/wp-json\/wp\/v2\/media\/55305"}],"wp:attachment":[{"href":"https:\/\/pdt-rj.org.br\/index.php\/wp-json\/wp\/v2\/media?parent=55304"}],"wp:term":[{"taxonomy":"category","embeddable":true,"href":"https:\/\/pdt-rj.org.br\/index.php\/wp-json\/wp\/v2\/categories?post=55304"},{"taxonomy":"post_tag","embeddable":true,"href":"https:\/\/pdt-rj.org.br\/index.php\/wp-json\/wp\/v2\/tags?post=55304"}],"curies":[{"name":"wp","href":"https:\/\/api.w.org\/{rel}","templated":true}]}}