{"id":55298,"date":"2017-09-16T23:43:40","date_gmt":"2017-09-17T02:43:40","guid":{"rendered":"http:\/\/pdt-rj.org.br\/?p=55298"},"modified":"2017-09-23T00:55:53","modified_gmt":"2017-09-23T03:55:53","slug":"ciro-gomes-e-pdt-dois-anos-de-lutas-nas-trincheiras-do-trabalhismo","status":"publish","type":"post","link":"https:\/\/pdt-rj.org.br\/index.php\/ciro-gomes-e-pdt-dois-anos-de-lutas-nas-trincheiras-do-trabalhismo\/","title":{"rendered":"Ciro Gomes e PDT &#8211; Dois anos de lutas nas trincheiras do Trabalhismo"},"content":{"rendered":"<p>\u201cVenho para o PDT pensando nos valores que (o partido) representa ao longo da sua hist\u00f3ria\u201d, exaltou o ex-ministro e ex-governador do Cear\u00e1, Ciro Gomes, ao filiar-se, h\u00e1 exatos dois anos, a sigla fundado por Leonel Brizola.<\/p>\n<p>Com a sede nacional, em Bras\u00edlia, lotada, Ciro foi recebido por centenas de lideran\u00e7as e militantes que exaltavam sua chegada. Ao seu lado, o presidente nacional da sigla, Carlos Lupi, o secret\u00e1rio-geral, Manoel Dias, governadores, prefeitos, deputados e senadores.<\/p>\n<p>Ao analisar a chegada de Ciro, Lupi mostrou confian\u00e7a no sucesso de um projeto nacional trabalhista. \u201cTemos uma refer\u00eancia nacional e em 2018 vamos ganhar as ruas e as pra\u00e7as para fazer Ciro Gomes presidente do Brasil\u201d, disse Carlos Lupi.<\/p>\n<p>No seu discurso, j\u00e1 criticava a condi\u00e7\u00e3o econ\u00f4mica nacional. \u201cA taxa de juros, condi\u00e7\u00e3o essencial para empreender, \u00e9 contra a nossa realidade. No Brasil, o trabalhador que faz uma duplicata paga 2% de juros ao m\u00eas e tem que competir com um dos Estados Unidos, que paga 2% ao ano\u201d, disse.<\/p>\n<p>\u201cTemos que repor a quest\u00e3o nacional brasileira. Isso \u00e9 o Trabalhismo. \u00c9 o que o velho Get\u00falio Vargas j\u00e1 advertia\u201d, ao relembrar o perfil combativo de Brizola e a necessidade de combater o amplia\u00e7\u00e3o das a\u00e7\u00f5es cru\u00e9is, segundo ele, do neoliberalismo.<\/p>\n<p>Sobre o avan\u00e7o do impeachment de Dilma Rousseff, ele mostrava clareza ao analisar os verdadeiros motivos e apontava o que representava o ex-deputado Eduardo Cunha. \u201cHoje, o moralismo (defesa do pr\u00f3-impeachment) est\u00e1 a servi\u00e7o da mais cruel imoralidade. O presidente da C\u00e2mara dos Deputados, hoje, que infelizmente representa uma maioria de corruptos, \u00e9 quem tem o ju\u00edzo de admissibilidade ou n\u00e3o do impeachment, cuja raz\u00e3o seria um crime de responsabilidade. S\u00f3 que n\u00f3s vamos enfrent\u00e1-los\u201d, afirmou.<\/p>\n<p>Sobre as interven\u00e7\u00f5es externas, foi claro e direto: \u201cDefender a democracia, amea\u00e7ada, segundo ele, por \u201cfor\u00e7as hostis que n\u00e3o aceitaram o resultado da elei\u00e7\u00e3o\u201d e que s\u00e3o alimentadas por for\u00e7as estrangeiras que t\u00eam interesse na Petrobras e no petr\u00f3leo brasileiro\u201d, completou.<\/p>\n<p>Na sequ\u00eancia, Dias ratificou o posicionamento do partido. \u201cO PDT n\u00e3o pode rasgar sua biografia. N\u00f3s tivemos Get\u00falio Vargas, Jo\u00e3o Goulart e Leonel Brizola. N\u00e3o h\u00e1 como defender um processo que n\u00e3o seja democr\u00e1tico\u201d, declarou, ao completar: \u201csomos legalistas.\u201d<\/p>\n<p>Confira a \u00edntegra do discurso:<\/p>\n<p><iframe loading=\"lazy\" src=\"https:\/\/www.youtube.com\/embed\/qchfR030-9Q\" width=\"348\" height=\"348\" frameborder=\"0\" allowfullscreen=\"allowfullscreen\" data-mce-fragment=\"1\"><\/iframe><\/p>\n<!-- AddThis Advanced Settings generic via filter on the_content --><!-- AddThis Share Buttons generic via filter on the_content -->","protected":false},"excerpt":{"rendered":"<p>\u201cVenho para o PDT pensando nos valores que (o partido) representa ao longo da sua hist\u00f3ria\u201d, exaltou o ex-ministro e ex-governador do Cear\u00e1, Ciro Gomes, ao filiar-se, h\u00e1 exatos dois anos, a sigla fundado por Leonel Brizola. Com a sede nacional, em Bras\u00edlia, lotada, Ciro foi recebido por centenas de lideran\u00e7as e militantes que exaltavam&#8230;<!-- AddThis Advanced Settings generic via filter on wp_trim_excerpt --><!-- AddThis Share Buttons generic via filter on wp_trim_excerpt --><\/p>\n","protected":false},"author":17,"featured_media":55334,"comment_status":"closed","ping_status":"closed","sticky":false,"template":"","format":"standard","meta":{"_monsterinsights_skip_tracking":false,"_monsterinsights_sitenote_active":false,"_monsterinsights_sitenote_note":"","_monsterinsights_sitenote_category":0,"_uf_show_specific_survey":0,"_uf_disable_surveys":false,"footnotes":""},"categories":[1390],"tags":[196,220,437,565,591,38,46],"class_list":["post-55298","post","type-post","status-publish","format-standard","has-post-thumbnail","hentry","category-editorias","tag-carlos-lupi","tag-ciro-gomes","tag-getulio-vargas","tag-leonel-brizola","tag-manoel-dias","tag-pdt","tag-trabalhismo"],"acf":[],"_links":{"self":[{"href":"https:\/\/pdt-rj.org.br\/index.php\/wp-json\/wp\/v2\/posts\/55298","targetHints":{"allow":["GET"]}}],"collection":[{"href":"https:\/\/pdt-rj.org.br\/index.php\/wp-json\/wp\/v2\/posts"}],"about":[{"href":"https:\/\/pdt-rj.org.br\/index.php\/wp-json\/wp\/v2\/types\/post"}],"author":[{"embeddable":true,"href":"https:\/\/pdt-rj.org.br\/index.php\/wp-json\/wp\/v2\/users\/17"}],"replies":[{"embeddable":true,"href":"https:\/\/pdt-rj.org.br\/index.php\/wp-json\/wp\/v2\/comments?post=55298"}],"version-history":[{"count":4,"href":"https:\/\/pdt-rj.org.br\/index.php\/wp-json\/wp\/v2\/posts\/55298\/revisions"}],"predecessor-version":[{"id":55381,"href":"https:\/\/pdt-rj.org.br\/index.php\/wp-json\/wp\/v2\/posts\/55298\/revisions\/55381"}],"wp:featuredmedia":[{"embeddable":true,"href":"https:\/\/pdt-rj.org.br\/index.php\/wp-json\/wp\/v2\/media\/55334"}],"wp:attachment":[{"href":"https:\/\/pdt-rj.org.br\/index.php\/wp-json\/wp\/v2\/media?parent=55298"}],"wp:term":[{"taxonomy":"category","embeddable":true,"href":"https:\/\/pdt-rj.org.br\/index.php\/wp-json\/wp\/v2\/categories?post=55298"},{"taxonomy":"post_tag","embeddable":true,"href":"https:\/\/pdt-rj.org.br\/index.php\/wp-json\/wp\/v2\/tags?post=55298"}],"curies":[{"name":"wp","href":"https:\/\/api.w.org\/{rel}","templated":true}]}}