{"id":55295,"date":"2017-09-21T16:51:35","date_gmt":"2017-09-21T19:51:35","guid":{"rendered":"http:\/\/pdt-rj.org.br\/?p=55295"},"modified":"2017-09-21T17:52:10","modified_gmt":"2017-09-21T20:52:10","slug":"vidigal-propoe-15-de-setembro-como-dia-nacional-de-prevencao-e-combate-a-depressao","status":"publish","type":"post","link":"https:\/\/pdt-rj.org.br\/index.php\/vidigal-propoe-15-de-setembro-como-dia-nacional-de-prevencao-e-combate-a-depressao\/","title":{"rendered":"S\u00e9rgio Vidigal prop\u00f5e 15 de setembro como Dia Nacional de Preven\u00e7\u00e3o e Combate \u00e0 Depress\u00e3o"},"content":{"rendered":"<p>No Brasil, 11,5 milh\u00f5es de pessoas s\u00e3o afetadas pela depress\u00e3o, o que representa 5,8% da popula\u00e7\u00e3o. E pelo mundo, 322 milh\u00f5es foram afetadas pela doen\u00e7a, em 2015, segundo a Organiza\u00e7\u00e3o Mundial da Sa\u00fade (OMS). Para o deputado federal S\u00e9rgio Vidigal (PDT-ES), que \u00e9 m\u00e9dico, \u00e9 preciso criar pol\u00edticas p\u00fablicas voltadas para a sa\u00fade f\u00edsica e mental da popula\u00e7\u00e3o.<\/p>\n<p>Com o intuito de debater e procurar solu\u00e7\u00f5es para a doen\u00e7a, S\u00e9rgio Vidigal apresentou o Projeto de Lei 8530\/2017, que institui o \u201cDia Nacional de Preven\u00e7\u00e3o e Combate \u00e0 Depress\u00e3o\u201d, em 15 de setembro.<\/p>\n<p>\u201cCriar o dia Nacional de Preven\u00e7\u00e3o e Combate \u00e0 Depress\u00e3o visa discutir um dos maiores problemas da atualidade e promover a conscientiza\u00e7\u00e3o da popula\u00e7\u00e3o e dos pr\u00f3prios profissionais de sa\u00fade sobre a doen\u00e7a que permanece, muitas vezes, negligenciada\u201d, disse o parlamentar.<\/p>\n<p>As informa\u00e7\u00f5es da OMS mostram ainda que o Brasil \u00e9 o pa\u00eds com maior preval\u00eancia de depress\u00e3o da Am\u00e9rica Latina e o segundo maior nas Am\u00e9ricas, atr\u00e1s apenas dos Estados Unidos, que t\u00eam 5,9% de depressivos.<\/p>\n<p><strong>Alerta<\/strong><\/p>\n<p>A depress\u00e3o representa quase um quarto (23%) dos atendimentos ambulatoriais e hospitalares em sa\u00fade mental no Sistema \u00danico de Sa\u00fade (SUS). As Unidades B\u00e1sicas de Sa\u00fade (UBS) s\u00e3o as principais portas de entrada, que correspondem a 69% dos atendimentos e diagn\u00f3sticos realizados no Brasil.<\/p>\n<p>A doen\u00e7a ainda \u00e9 respons\u00e1vel por n\u00fameros expressivos de afastamentos do trabalho. S\u00f3 em 2016, 75,3 mil trabalhadores foram afastados de suas atividades por causa dessa enfermidade.<\/p>\n<p>Outro fato preocupante \u00e9 que as pessoas com quadro depressivo nem sempre conseguem identificar o dist\u00farbio. E, em alguns casos, sofrem discrimina\u00e7\u00e3o devido \u00e0 incompreens\u00e3o de quem est\u00e1 pr\u00f3ximo.<\/p>\n<p>Importante lembrar tamb\u00e9m que quem sofre com a depress\u00e3o e n\u00e3o consegue ajuda de profissional de sa\u00fade ou, mesmo com risco de suic\u00eddio, pode buscar apoio em outros locais. Trata-se de conversas com os volunt\u00e1rios do Centro de Valoriza\u00e7\u00e3o da Vida (CVV) pelo n\u00famero 141.<\/p>\n<!-- AddThis Advanced Settings generic via filter on the_content --><!-- AddThis Share Buttons generic via filter on the_content -->","protected":false},"excerpt":{"rendered":"<p>No Brasil, 11,5 milh\u00f5es de pessoas s\u00e3o afetadas pela depress\u00e3o, o que representa 5,8% da popula\u00e7\u00e3o. E pelo mundo, 322 milh\u00f5es foram afetadas pela doen\u00e7a, em 2015, segundo a Organiza\u00e7\u00e3o Mundial da Sa\u00fade (OMS). Para o deputado federal S\u00e9rgio Vidigal (PDT-ES), que \u00e9 m\u00e9dico, \u00e9 preciso criar pol\u00edticas p\u00fablicas voltadas para a sa\u00fade f\u00edsica e&#8230;<!-- AddThis Advanced Settings generic via filter on wp_trim_excerpt --><!-- AddThis Share Buttons generic via filter on wp_trim_excerpt --><\/p>\n","protected":false},"author":17,"featured_media":55296,"comment_status":"closed","ping_status":"closed","sticky":false,"template":"","format":"standard","meta":{"_monsterinsights_skip_tracking":false,"_monsterinsights_sitenote_active":false,"_monsterinsights_sitenote_note":"","_monsterinsights_sitenote_category":0,"_uf_show_specific_survey":0,"_uf_disable_surveys":false,"footnotes":""},"categories":[1390],"tags":[2594,2595,2593,38,873],"class_list":["post-55295","post","type-post","status-publish","format-standard","has-post-thumbnail","hentry","category-editorias","tag-centro-de-valorizacao-da-vida","tag-cvv","tag-dia-nacional-de-prevencao-e-combate-a-depressao","tag-pdt","tag-sergio-vidigal"],"acf":[],"_links":{"self":[{"href":"https:\/\/pdt-rj.org.br\/index.php\/wp-json\/wp\/v2\/posts\/55295","targetHints":{"allow":["GET"]}}],"collection":[{"href":"https:\/\/pdt-rj.org.br\/index.php\/wp-json\/wp\/v2\/posts"}],"about":[{"href":"https:\/\/pdt-rj.org.br\/index.php\/wp-json\/wp\/v2\/types\/post"}],"author":[{"embeddable":true,"href":"https:\/\/pdt-rj.org.br\/index.php\/wp-json\/wp\/v2\/users\/17"}],"replies":[{"embeddable":true,"href":"https:\/\/pdt-rj.org.br\/index.php\/wp-json\/wp\/v2\/comments?post=55295"}],"version-history":[{"count":2,"href":"https:\/\/pdt-rj.org.br\/index.php\/wp-json\/wp\/v2\/posts\/55295\/revisions"}],"predecessor-version":[{"id":55362,"href":"https:\/\/pdt-rj.org.br\/index.php\/wp-json\/wp\/v2\/posts\/55295\/revisions\/55362"}],"wp:featuredmedia":[{"embeddable":true,"href":"https:\/\/pdt-rj.org.br\/index.php\/wp-json\/wp\/v2\/media\/55296"}],"wp:attachment":[{"href":"https:\/\/pdt-rj.org.br\/index.php\/wp-json\/wp\/v2\/media?parent=55295"}],"wp:term":[{"taxonomy":"category","embeddable":true,"href":"https:\/\/pdt-rj.org.br\/index.php\/wp-json\/wp\/v2\/categories?post=55295"},{"taxonomy":"post_tag","embeddable":true,"href":"https:\/\/pdt-rj.org.br\/index.php\/wp-json\/wp\/v2\/tags?post=55295"}],"curies":[{"name":"wp","href":"https:\/\/api.w.org\/{rel}","templated":true}]}}