{"id":55292,"date":"2017-09-15T18:27:29","date_gmt":"2017-09-15T21:27:29","guid":{"rendered":"http:\/\/pdt-rj.org.br\/?p=55292"},"modified":"2017-09-15T18:27:29","modified_gmt":"2017-09-15T21:27:29","slug":"movimento-comunitario-do-pdt-lanca-manifesto-contra-governo-temer","status":"publish","type":"post","link":"https:\/\/pdt-rj.org.br\/index.php\/movimento-comunitario-do-pdt-lanca-manifesto-contra-governo-temer\/","title":{"rendered":"Movimento Comunit\u00e1rio do PDT lan\u00e7a manifesto contra governo Temer"},"content":{"rendered":"<p>No XIII Congresso da Conam, que ocorre at\u00e9 amanh\u00e3 (16), em Recife (PE), o Movimento Comunit\u00e1rio Trabalhista (MCT), que \u00e9 vinculado ao PDT, lan\u00e7ou um manifesto contra governo Temer e a favor da manuten\u00e7\u00e3o dos direitos do povo brasileiro.<\/p>\n<p>No documento, que teve sua produ\u00e7\u00e3o liderada pelo presidente nacional do MCT, Jordaci Matos, os pedetistas condenam a gest\u00e3o federal. \u201cA\u00e7\u00f5es como as terceiriza\u00e7\u00f5es, a Reforma Trabalhista e Previd\u00eanci\u00e1ria, a Reforma do Ensino M\u00e9dio e a san\u00e7\u00e3o da PEC 55 merecem a nossa repulsa cont\u00ednua\u201d, indica o manifesto.<\/p>\n<p>Ao exaltar o intenso trabalho nas bases em todo o Brasil, os membros do partido ressaltam a import\u00e2ncia de cada militante. \u201cQue todos n\u00f3s tenhamos consci\u00eancia do nosso papel pol\u00edtico, enquanto atores sociais, face a profunda crise pol\u00edtica sem precedentes\u201d, complementa.<\/p>\n<p>Confira abaixo a \u00edntegra do manifesto:<\/p>\n<p>&nbsp;<\/p>\n<p style=\"text-align: center;\"><strong><em>Recife-PE, 15 de setembro de 2017<\/em><\/strong><\/p>\n<p><em>Saudamos a todos os convencionais do XIII Congresso da Conam. Sem d\u00favidas, a Conam a leg\u00edtima representa\u00e7\u00e3o do Movimento Comunit\u00e1rio em esfera nacional. E por reconhecermos, o Movimento Comunit\u00e1rio Trabalhista (MCT) participa desta organiza\u00e7\u00e3o, visando \u00e0 constru\u00e7\u00e3o de um pa\u00eds mais justo e voltado aos interesses do povo, no enfrentamento ao governo golpista de Michel Temer.<\/em><\/p>\n<p><em>O Movimento Comunit\u00e1rio Trabalhista congrega 250 entidades, com uma atua\u00e7\u00e3o org\u00e2nica presente em todo o Brasil. Conhecemos a fundo a realidade da nossa gente. Neste sentido retomamos ao conv\u00edvio com esta entidade para fortalecer a luta. Entendemos que \u00e9 importante nos acertarmos na pol\u00edtica e construirmos a luta do nosso povo.<\/em><\/p>\n<p><em>Neste sentido, fazemos uma profunda autocr\u00edtica, enquanto organiza\u00e7\u00e3o, nos momentos em que cindimos com esta entidade em 1989, no \u00ednterim das elei\u00e7\u00f5es presidenciais. Sem d\u00favidas, este gesto se tornou, ao longo dos tempos, um desservi\u00e7o ao movimento comunit\u00e1rio, numa m\u00e1cula na bandeira trabalhista. deveria ser fortalecido a partir da unidade de todas as for\u00e7as progressistas, patri\u00f3ticas e populares.<\/em><\/p>\n<p><em>Retornamos com toda a energia na Conam. Este Congresso precisa, al\u00e9m das lutas tradicionais do movimento comunit\u00e1rio, apontar diretrizes na defesa da soberania popular contra o governo golpista e, principalmente, recha\u00e7ando todas as medidas delet\u00e9rias contra o povo trabalhador. A\u00e7\u00f5es como as terceiriza\u00e7\u00f5es, a Reforma Trabalhista e Previdenci\u00e1ria, a Reforma do Ensino M\u00e9dio e a san\u00e7\u00e3o da PEC 55 merecem a nossa repulsa cont\u00ednua.<\/em><\/p>\n<p><em>Por isso, o Movimento Comunit\u00e1rio Trabalhista defende que a Conam, bem al\u00e9m de suas fun\u00e7\u00f5es e miss\u00f5es, debata e atue nas agendas de fundo popular e nacionalista, visando a unidade patri\u00f3tica do povo brasileiro na resist\u00eancia ao ileg\u00edtimo governo de Michel Temer. A luta pela unidade popular n\u00e3o pode caber pretens\u00f5es hegemonistas ou agendas egoc\u00eantricas. O nosso povo \u00e9 maior que as lutas fratricidas no interior dos movimentos progressistas. Falamos isto porque fazemos a nossa autocr\u00edtica na volta a esta entidade.<\/em><\/p>\n<p><em>Que todos n\u00f3s tenhamos consci\u00eancia do nosso papel pol\u00edtico, enquanto atores sociais, face a profunda crise pol\u00edtica sem precedentes. Que possamos unificar a luta comunit\u00e1ria por moradia digna, direito \u00e0 sa\u00fade, educa\u00e7\u00e3o, transporte com cidades democr\u00e1ticas e sustent\u00e1veis, com igualdade de g\u00eanero, ra\u00e7a e respeito incondicional aos Direitos Humanos, na constru\u00e7\u00e3o de uma p\u00e1tria livre, justa, fraterna, igual e soberana!<\/em><\/p>\n<!-- AddThis Advanced Settings generic via filter on the_content --><!-- AddThis Share Buttons generic via filter on the_content -->","protected":false},"excerpt":{"rendered":"<p>No XIII Congresso da Conam, que ocorre at\u00e9 amanh\u00e3 (16), em Recife (PE), o Movimento Comunit\u00e1rio Trabalhista (MCT), que \u00e9 vinculado ao PDT, lan\u00e7ou um manifesto contra governo Temer e a favor da manuten\u00e7\u00e3o dos direitos do povo brasileiro. No documento, que teve sua produ\u00e7\u00e3o liderada pelo presidente nacional do MCT, Jordaci Matos, os pedetistas&#8230;<!-- AddThis Advanced Settings generic via filter on wp_trim_excerpt --><!-- AddThis Share Buttons generic via filter on wp_trim_excerpt --><\/p>\n","protected":false},"author":17,"featured_media":55293,"comment_status":"closed","ping_status":"closed","sticky":false,"template":"","format":"standard","meta":{"_monsterinsights_skip_tracking":false,"_monsterinsights_sitenote_active":false,"_monsterinsights_sitenote_note":"","_monsterinsights_sitenote_category":0,"_uf_show_specific_survey":0,"_uf_disable_surveys":false,"footnotes":""},"categories":[1390],"tags":[2590,2589,2592,2577,38,1780,2591],"class_list":["post-55292","post","type-post","status-publish","format-standard","has-post-thumbnail","hentry","category-editorias","tag-conam","tag-manifesto","tag-mct","tag-movimento-comunitario-trabalhista","tag-pdt","tag-pec-55","tag-xiii-congresso-da-conam"],"acf":[],"_links":{"self":[{"href":"https:\/\/pdt-rj.org.br\/index.php\/wp-json\/wp\/v2\/posts\/55292","targetHints":{"allow":["GET"]}}],"collection":[{"href":"https:\/\/pdt-rj.org.br\/index.php\/wp-json\/wp\/v2\/posts"}],"about":[{"href":"https:\/\/pdt-rj.org.br\/index.php\/wp-json\/wp\/v2\/types\/post"}],"author":[{"embeddable":true,"href":"https:\/\/pdt-rj.org.br\/index.php\/wp-json\/wp\/v2\/users\/17"}],"replies":[{"embeddable":true,"href":"https:\/\/pdt-rj.org.br\/index.php\/wp-json\/wp\/v2\/comments?post=55292"}],"version-history":[{"count":1,"href":"https:\/\/pdt-rj.org.br\/index.php\/wp-json\/wp\/v2\/posts\/55292\/revisions"}],"predecessor-version":[{"id":55294,"href":"https:\/\/pdt-rj.org.br\/index.php\/wp-json\/wp\/v2\/posts\/55292\/revisions\/55294"}],"wp:featuredmedia":[{"embeddable":true,"href":"https:\/\/pdt-rj.org.br\/index.php\/wp-json\/wp\/v2\/media\/55293"}],"wp:attachment":[{"href":"https:\/\/pdt-rj.org.br\/index.php\/wp-json\/wp\/v2\/media?parent=55292"}],"wp:term":[{"taxonomy":"category","embeddable":true,"href":"https:\/\/pdt-rj.org.br\/index.php\/wp-json\/wp\/v2\/categories?post=55292"},{"taxonomy":"post_tag","embeddable":true,"href":"https:\/\/pdt-rj.org.br\/index.php\/wp-json\/wp\/v2\/tags?post=55292"}],"curies":[{"name":"wp","href":"https:\/\/api.w.org\/{rel}","templated":true}]}}