{"id":55241,"date":"2017-09-13T17:01:46","date_gmt":"2017-09-13T20:01:46","guid":{"rendered":"http:\/\/pdt-rj.org.br\/?p=55241"},"modified":"2017-09-13T18:35:48","modified_gmt":"2017-09-13T21:35:48","slug":"pdt-pe-participa-do-13o-congresso-nacional-das-associacoes-de-moradores","status":"publish","type":"post","link":"https:\/\/pdt-rj.org.br\/index.php\/pdt-pe-participa-do-13o-congresso-nacional-das-associacoes-de-moradores\/","title":{"rendered":"PDT-PE participa do 13\u00ba Congresso Nacional das Associa\u00e7\u00f5es de Moradores"},"content":{"rendered":"<p>O PDT de Pernambuco participa, nos pr\u00f3ximos dias 14, 15 e 16 de setembro, do 13\u00ba Congresso Nacional das Associa\u00e7\u00f5es de Moradores, promovido pela Conam. Mais de 300 representantes do Brasil do partido, ligados ao Movimento Comunit\u00e1rio Trabalhista (MCT) estar\u00e3o presentes. Entre eles delega\u00e7\u00f5es de Pernambuco, Goi\u00e1s, Mato Grosso, Mato Grosso do Sul e S\u00e3o Paulo.<\/p>\n<p>Destaque para a participa\u00e7\u00e3o de Manoel Dias, secret\u00e1rio geral nacional do PDT, Wolney Queiroz, presidente estadual do PDT-PE, Jordacir Matos, presidente do MCT, e Augusto Miranda, secret\u00e1rio geral do MCT.<\/p>\n<p>Para o presidente nacional do Movimento Comunit\u00e1rio Popular do PDT, Jordaci Matos, a retomada da organiza\u00e7\u00e3o na sigla reativa mostra o compromisso com o povo brasileiro. \u201cA nossa base \u00e9 popular. Estamos atuando em cada parte desse nosso pa\u00eds para dar voz a quem realmente merece: o cidad\u00e3o brasileiro\u201d, comentou, ao completar: \u201cEstaremos na linha de frente do Congresso\u201d.<\/p>\n<p>Com o tema \u201cResist\u00eancia e Luta em Defesa da Democracia e dos Direitos\u201d, o evento busca debater e deliberar sobre a realidade da conjuntura pol\u00edtica brasileira; o movimento popular e comunit\u00e1rio, suas perspectivas, desafios e plataforma de lutas; o fortalecimento e a organiza\u00e7\u00e3o da Conam; altera\u00e7\u00e3o estatut\u00e1ria; eleger a nova Diretoria, o novo Conselho Fiscal e o novos Conselheiros (as) que ser\u00e3o eleitos (as) pelos os delegados (as) de cada estado, que compor\u00e1 o Conselho Nacional das Entidades Associadas \u00e0 Conam.<\/p>\n<p><strong>Servi\u00e7o<\/strong><\/p>\n<p>O Congresso acontece no Centro de Forma\u00e7\u00e3o e Lazer (CFL) do Sindsprev PE,\u00a0Loteamento Berenguer, BR 101 Norte, Km 13, Quadra B, Guabiraba.<\/p>\n<!-- AddThis Advanced Settings generic via filter on the_content --><!-- AddThis Share Buttons generic via filter on the_content -->","protected":false},"excerpt":{"rendered":"<p>O PDT de Pernambuco participa, nos pr\u00f3ximos dias 14, 15 e 16 de setembro, do 13\u00ba Congresso Nacional das Associa\u00e7\u00f5es de Moradores, promovido pela Conam. Mais de 300 representantes do Brasil do partido, ligados ao Movimento Comunit\u00e1rio Trabalhista (MCT) estar\u00e3o presentes. Entre eles delega\u00e7\u00f5es de Pernambuco, Goi\u00e1s, Mato Grosso, Mato Grosso do Sul e S\u00e3o&#8230;<!-- AddThis Advanced Settings generic via filter on wp_trim_excerpt --><!-- AddThis Share Buttons generic via filter on wp_trim_excerpt --><\/p>\n","protected":false},"author":17,"featured_media":55242,"comment_status":"closed","ping_status":"closed","sticky":false,"template":"","format":"standard","meta":{"_monsterinsights_skip_tracking":false,"_monsterinsights_sitenote_active":false,"_monsterinsights_sitenote_note":"","_monsterinsights_sitenote_category":0,"_uf_show_specific_survey":0,"_uf_disable_surveys":false,"footnotes":""},"categories":[1390],"tags":[2578,2576,2575,591,2577,964],"class_list":["post-55241","post","type-post","status-publish","format-standard","has-post-thumbnail","hentry","category-editorias","tag-13o-congresso-nacional-das-associacoes-de-moradores","tag-augusto-miranda","tag-jordacir-matos","tag-manoel-dias","tag-movimento-comunitario-trabalhista","tag-wolney-queiroz"],"acf":[],"_links":{"self":[{"href":"https:\/\/pdt-rj.org.br\/index.php\/wp-json\/wp\/v2\/posts\/55241","targetHints":{"allow":["GET"]}}],"collection":[{"href":"https:\/\/pdt-rj.org.br\/index.php\/wp-json\/wp\/v2\/posts"}],"about":[{"href":"https:\/\/pdt-rj.org.br\/index.php\/wp-json\/wp\/v2\/types\/post"}],"author":[{"embeddable":true,"href":"https:\/\/pdt-rj.org.br\/index.php\/wp-json\/wp\/v2\/users\/17"}],"replies":[{"embeddable":true,"href":"https:\/\/pdt-rj.org.br\/index.php\/wp-json\/wp\/v2\/comments?post=55241"}],"version-history":[{"count":4,"href":"https:\/\/pdt-rj.org.br\/index.php\/wp-json\/wp\/v2\/posts\/55241\/revisions"}],"predecessor-version":[{"id":55257,"href":"https:\/\/pdt-rj.org.br\/index.php\/wp-json\/wp\/v2\/posts\/55241\/revisions\/55257"}],"wp:featuredmedia":[{"embeddable":true,"href":"https:\/\/pdt-rj.org.br\/index.php\/wp-json\/wp\/v2\/media\/55242"}],"wp:attachment":[{"href":"https:\/\/pdt-rj.org.br\/index.php\/wp-json\/wp\/v2\/media?parent=55241"}],"wp:term":[{"taxonomy":"category","embeddable":true,"href":"https:\/\/pdt-rj.org.br\/index.php\/wp-json\/wp\/v2\/categories?post=55241"},{"taxonomy":"post_tag","embeddable":true,"href":"https:\/\/pdt-rj.org.br\/index.php\/wp-json\/wp\/v2\/tags?post=55241"}],"curies":[{"name":"wp","href":"https:\/\/api.w.org\/{rel}","templated":true}]}}