{"id":55227,"date":"2017-09-12T17:43:37","date_gmt":"2017-09-12T20:43:37","guid":{"rendered":"http:\/\/pdt-rj.org.br\/?p=55227"},"modified":"2017-09-19T19:48:59","modified_gmt":"2017-09-19T22:48:59","slug":"lupi-convoca-populacao-para-lutar-com-o-pdt-em-defesa-na-nacao","status":"publish","type":"post","link":"https:\/\/pdt-rj.org.br\/index.php\/lupi-convoca-populacao-para-lutar-com-o-pdt-em-defesa-na-nacao\/","title":{"rendered":"Lupi convoca popula\u00e7\u00e3o para lutar com o PDT em defesa na Na\u00e7\u00e3o"},"content":{"rendered":"<p>Nesta ter\u00e7a-feira (12), o presidente nacional do PDT, Carlos Lupi, convocou o partido para se posicionar, ante a avalanche de den\u00fancias que t\u00eam assolado o Pa\u00eds, e convidou a popula\u00e7\u00e3o para se juntar ao partido na defesa da Na\u00e7\u00e3o.<\/p>\n<p>\u201cFatos muitos fortes que est\u00e3o colocando o Brasil de cabe\u00e7a para baixo\u201d, disse, ao mencionar os mais R$ 50 milh\u00f5es encontrados no apartamento de Gedel Vieira Lima, um os l\u00edderes do PMDB.\u00a0 \u201cH\u00e1 den\u00fancia e autoden\u00fancia do empres\u00e1rio Joesley Batista mostrando uma fita onde ele tenta mostrar a sua influ\u00eancia sobre o Minist\u00e9rio Publica e at\u00e9 sobre ju\u00edzes do Supremo\u201d.<\/p>\n<p>De acordo com Lupi, o PDT deve se posicionar, mostrar para a popula\u00e7\u00e3o que continua coerente e reafirmar seus princ\u00edpios, baseados em uma linha hist\u00f3ria que tem mais de 50 anos.<\/p>\n<p>\u201cN\u00f3s somos um partido com projeto nacional, um partido que v\u00ea o desenvolvimento pela empresa nacional, que gera emprego. E n\u00f3s temos clareza de que as duas pernas que fazem movimentar uma na\u00e7\u00e3o \u00e9 o trabalhador e o projeto de na\u00e7\u00e3o com a educa\u00e7\u00e3o como prioridade absoluta\u201d, declarou.<\/p>\n<p>De acordo com Lupi, o legado deixado pelos \u00edcones trabalhistas \u2013 primeiro com Get\u00falio Vargas, depois Leonel Brizola e Jo\u00e3o Goulart \u2013 \u00e9 uma marca que faz com que o partido tenha a obriga\u00e7\u00e3o de ser protagonista nos rumos da na\u00e7\u00e3o.<\/p>\n<p>&#8220;N\u00f3s temos essa marca. Por isso n\u00f3s estamos oferecendo ao Brasil uma candidatura \u00e0 Presid\u00eancia da Rep\u00fablica irrevers\u00edvel, que \u00e9 a candidatura de Ciro Gomes. Por sua experi\u00eancia, por ter sido ministro das vezes e governador de um dos estamos mais importantes da Federa\u00e7\u00e3o, que \u00e9 o estado do Cear\u00e1, e pela sua coragem \u00fanica, nesse quadro pol\u00edtico nacional&#8230; e de enfrentar o mal da humanidade atual, o sistema financeiro\u201d.<\/p>\n<p>N\u00f3s precisamos renovar o nosso partido, mas com ideias j\u00e1 consolidadas, de um partido que pensa a vanguarda, que quer uma na\u00e7\u00e3o generosa para o seu povo, que quer uma qualidade de tempo integral de qualidade para todas as crian\u00e7as, que acha que a maior seguran\u00e7a que pode dar para o seu povo \u00e9 ver o seu filho na escola para preparar a nova gera\u00e7\u00e3o de brasileiros.<\/p>\n<p>\u201cVamos sonhar com um Brasil para os brasileiros, com os Brasileiros dos brasileiros. \u00c9 dif\u00edcil? Depende de voc\u00ea!\u201d, finalizou o presidente Lupi.<\/p>\n<p>Confira a fala de Lupi:<\/p>\n<p><iframe loading=\"lazy\" title=\"Lupi convoca popula\u00e7\u00e3o para lutar com o PDT\" width=\"640\" height=\"360\" src=\"https:\/\/www.youtube.com\/embed\/f9LkFEVMopQ?feature=oembed\" frameborder=\"0\" allow=\"accelerometer; autoplay; clipboard-write; encrypted-media; gyroscope; picture-in-picture; web-share\" referrerpolicy=\"strict-origin-when-cross-origin\" allowfullscreen><\/iframe><\/p>\n<!-- AddThis Advanced Settings generic via filter on the_content --><!-- AddThis Share Buttons generic via filter on the_content -->","protected":false},"excerpt":{"rendered":"<p>Nesta ter\u00e7a-feira (12), o presidente nacional do PDT, Carlos Lupi, convocou o partido para se posicionar, ante a avalanche de den\u00fancias que t\u00eam assolado o Pa\u00eds, e convidou a popula\u00e7\u00e3o para se juntar ao partido na defesa da Na\u00e7\u00e3o. \u201cFatos muitos fortes que est\u00e3o colocando o Brasil de cabe\u00e7a para baixo\u201d, disse, ao mencionar os&#8230;<!-- AddThis Advanced Settings generic via filter on wp_trim_excerpt --><!-- AddThis Share Buttons generic via filter on wp_trim_excerpt --><\/p>\n","protected":false},"author":17,"featured_media":55229,"comment_status":"closed","ping_status":"closed","sticky":false,"template":"","format":"standard","meta":{"_monsterinsights_skip_tracking":false,"_monsterinsights_sitenote_active":false,"_monsterinsights_sitenote_note":"","_monsterinsights_sitenote_category":0,"_uf_show_specific_survey":0,"_uf_disable_surveys":false,"footnotes":""},"categories":[1390],"tags":[196,38],"class_list":["post-55227","post","type-post","status-publish","format-standard","has-post-thumbnail","hentry","category-editorias","tag-carlos-lupi","tag-pdt"],"acf":[],"_links":{"self":[{"href":"https:\/\/pdt-rj.org.br\/index.php\/wp-json\/wp\/v2\/posts\/55227","targetHints":{"allow":["GET"]}}],"collection":[{"href":"https:\/\/pdt-rj.org.br\/index.php\/wp-json\/wp\/v2\/posts"}],"about":[{"href":"https:\/\/pdt-rj.org.br\/index.php\/wp-json\/wp\/v2\/types\/post"}],"author":[{"embeddable":true,"href":"https:\/\/pdt-rj.org.br\/index.php\/wp-json\/wp\/v2\/users\/17"}],"replies":[{"embeddable":true,"href":"https:\/\/pdt-rj.org.br\/index.php\/wp-json\/wp\/v2\/comments?post=55227"}],"version-history":[{"count":7,"href":"https:\/\/pdt-rj.org.br\/index.php\/wp-json\/wp\/v2\/posts\/55227\/revisions"}],"predecessor-version":[{"id":55352,"href":"https:\/\/pdt-rj.org.br\/index.php\/wp-json\/wp\/v2\/posts\/55227\/revisions\/55352"}],"wp:featuredmedia":[{"embeddable":true,"href":"https:\/\/pdt-rj.org.br\/index.php\/wp-json\/wp\/v2\/media\/55229"}],"wp:attachment":[{"href":"https:\/\/pdt-rj.org.br\/index.php\/wp-json\/wp\/v2\/media?parent=55227"}],"wp:term":[{"taxonomy":"category","embeddable":true,"href":"https:\/\/pdt-rj.org.br\/index.php\/wp-json\/wp\/v2\/categories?post=55227"},{"taxonomy":"post_tag","embeddable":true,"href":"https:\/\/pdt-rj.org.br\/index.php\/wp-json\/wp\/v2\/tags?post=55227"}],"curies":[{"name":"wp","href":"https:\/\/api.w.org\/{rel}","templated":true}]}}