{"id":55209,"date":"2017-09-11T19:51:13","date_gmt":"2017-09-11T22:51:13","guid":{"rendered":"http:\/\/pdt-rj.org.br\/?p=55209"},"modified":"2017-09-11T19:51:13","modified_gmt":"2017-09-11T22:51:13","slug":"pdt-pe-recebe-1o-encontro-do-movimento-sindical-do-partido","status":"publish","type":"post","link":"https:\/\/pdt-rj.org.br\/index.php\/pdt-pe-recebe-1o-encontro-do-movimento-sindical-do-partido\/","title":{"rendered":"PDT-PE recebe 1\u00ba Encontro do Movimento Sindical do partido"},"content":{"rendered":"<p>O PDT de Pernambuco realiza, nesta ter\u00e7a-feira (12), o 1\u00ba Encontro do Movimento Sindical do PDT. O evento reunir\u00e1 representantes dos diret\u00f3rios municipais, para debater os direitos trabalhistas e a nova reforma. O evento acontecer\u00e1 no diret\u00f3rio estadual, onde s\u00e3o esperadas pessoas das mais de 50 pessoas de diversas localidades do estado, como Olinda, Paulista, Sair\u00e9, Carpina e Recife. A inten\u00e7\u00e3o \u00e9 formar um grande grupo de discuss\u00e3o sobre o tema.<\/p>\n<p>O evento tem in\u00edcio com uma reflex\u00e3o de Wellington Batista, tesoureiro do partido, sobre a conjuntura pol\u00edtica atual, e segue com Oz\u00e9ias Caetano, presidente do Movimento Sindical do PDT-PE abrindo as discuss\u00f5es sobre a Reforma.<\/p>\n<p>Na ocasi\u00e3o tamb\u00e9m ser\u00e3o eleitos os respons\u00e1veis por cada setor do Movimento Sindical de Pernambuco.<\/p>\n<!-- AddThis Advanced Settings generic via filter on the_content --><!-- AddThis Share Buttons generic via filter on the_content -->","protected":false},"excerpt":{"rendered":"<p>O PDT de Pernambuco realiza, nesta ter\u00e7a-feira (12), o 1\u00ba Encontro do Movimento Sindical do PDT. O evento reunir\u00e1 representantes dos diret\u00f3rios municipais, para debater os direitos trabalhistas e a nova reforma. O evento acontecer\u00e1 no diret\u00f3rio estadual, onde s\u00e3o esperadas pessoas das mais de 50 pessoas de diversas localidades do estado, como Olinda, Paulista,&#8230;<!-- AddThis Advanced Settings generic via filter on wp_trim_excerpt --><!-- AddThis Share Buttons generic via filter on wp_trim_excerpt --><\/p>\n","protected":false},"author":17,"featured_media":55210,"comment_status":"closed","ping_status":"closed","sticky":false,"template":"","format":"standard","meta":{"_monsterinsights_skip_tracking":false,"_monsterinsights_sitenote_active":false,"_monsterinsights_sitenote_note":"","_monsterinsights_sitenote_category":0,"_uf_show_specific_survey":0,"_uf_disable_surveys":false,"footnotes":""},"categories":[1390,1397,1589],"tags":[315,1908,639,38],"class_list":["post-55209","post","type-post","status-publish","format-standard","has-post-thumbnail","hentry","category-editorias","category-movimentos","category-sindical","tag-direitos-trabalhistas","tag-movimento-sindical","tag-movimento-sindical-do-pdt","tag-pdt"],"acf":[],"_links":{"self":[{"href":"https:\/\/pdt-rj.org.br\/index.php\/wp-json\/wp\/v2\/posts\/55209","targetHints":{"allow":["GET"]}}],"collection":[{"href":"https:\/\/pdt-rj.org.br\/index.php\/wp-json\/wp\/v2\/posts"}],"about":[{"href":"https:\/\/pdt-rj.org.br\/index.php\/wp-json\/wp\/v2\/types\/post"}],"author":[{"embeddable":true,"href":"https:\/\/pdt-rj.org.br\/index.php\/wp-json\/wp\/v2\/users\/17"}],"replies":[{"embeddable":true,"href":"https:\/\/pdt-rj.org.br\/index.php\/wp-json\/wp\/v2\/comments?post=55209"}],"version-history":[{"count":2,"href":"https:\/\/pdt-rj.org.br\/index.php\/wp-json\/wp\/v2\/posts\/55209\/revisions"}],"predecessor-version":[{"id":55212,"href":"https:\/\/pdt-rj.org.br\/index.php\/wp-json\/wp\/v2\/posts\/55209\/revisions\/55212"}],"wp:featuredmedia":[{"embeddable":true,"href":"https:\/\/pdt-rj.org.br\/index.php\/wp-json\/wp\/v2\/media\/55210"}],"wp:attachment":[{"href":"https:\/\/pdt-rj.org.br\/index.php\/wp-json\/wp\/v2\/media?parent=55209"}],"wp:term":[{"taxonomy":"category","embeddable":true,"href":"https:\/\/pdt-rj.org.br\/index.php\/wp-json\/wp\/v2\/categories?post=55209"},{"taxonomy":"post_tag","embeddable":true,"href":"https:\/\/pdt-rj.org.br\/index.php\/wp-json\/wp\/v2\/tags?post=55209"}],"curies":[{"name":"wp","href":"https:\/\/api.w.org\/{rel}","templated":true}]}}