{"id":55191,"date":"2017-09-06T17:35:02","date_gmt":"2017-09-06T20:35:02","guid":{"rendered":"http:\/\/pdt-rj.org.br\/?p=55191"},"modified":"2017-09-11T18:42:17","modified_gmt":"2017-09-11T21:42:17","slug":"afonso-motta-lamenta-mais-um-escandalo-com-malas-de-dinheiro-e-compras-de-votos-para-brasil-sediar-olimpiadas-de-2016","status":"publish","type":"post","link":"https:\/\/pdt-rj.org.br\/index.php\/afonso-motta-lamenta-mais-um-escandalo-com-malas-de-dinheiro-e-compras-de-votos-para-brasil-sediar-olimpiadas-de-2016\/","title":{"rendered":"Afonso Motta define como \u201cboletim de ocorr\u00eancia\u201c os fatos que envolvem os Poderes da Rep\u00fablica"},"content":{"rendered":"<p>O deputado federal Afonso Motta, do PDT do Rio Grande do Sul, definiu, no Plen\u00e1rio da C\u00e2mara, como \u201c<strong>boletim de ocorr\u00eancia<\/strong>\u201c, os fatos envolvendo os\u00a0<strong>Poderes da Rep\u00fablica<\/strong>, os setores p\u00fablicos e privados que repercutiram no Brasil e no mundo, na \u00faltima ter\u00e7a-feira (5).<\/p>\n<p>Segundo ele, o que est\u00e1 acontecendo evidencia o esgotamento de um sistema que, \u201clamentavelmente\u201d, destr\u00f3i o Brasil e alcan\u00e7a o mundo, a come\u00e7ar pelas investiga\u00e7\u00f5es sobre a compra de votos, que resultou na realiza\u00e7\u00e3o dos\u00a0<strong>Jogos Ol\u00edmpicos no Brasil em 2016<\/strong>.<\/p>\n<p>Afonso Motta tamb\u00e9m se referiu \u00e0 apreens\u00e3o, pela pol\u00edcia federal, de\u00a0<strong>malas e caixas com dinheiro<\/strong>\u00a0em um apartamento, em Salvador (BA), usado pelo ex-ministro Geddel Vieira Lima, que est\u00e1 sob pris\u00e3o domiciliar, naquela capital. Para o parlamentar, o ocorrido \u201cmostra a triste realidade pol\u00edtica e institucional brasileira\u201d.<\/p>\n<p>O deputado lamentou que as evid\u00eancias n\u00e3o sensibilizem os parlamentares e os fa\u00e7am prestar contas \u00e0 sociedade. \u201cVerdade \u00e9 que n\u00f3s aqui, respondendo muito mais \u00e0s medidas de imp\u00e9rio do Governo, temos dado a nossa resposta obstruindo, discutindo, complementando a regula\u00e7\u00e3o de imp\u00e9rio, que hoje \u00e9 o que vige no Pa\u00eds\u201d.<\/p>\n<p>Motta cobrou a aprova\u00e7\u00e3o das mudan\u00e7as para o<strong>\u00a0processo eleitoral de 2018<\/strong>\u00a0que, segundo ele, \u00e9 imprescind\u00edvel para a vida nacional.<\/p>\n<p>\u201cSem a defini\u00e7\u00e3o do novo sistema, vai faltar financiamento, as presta\u00e7\u00f5es de contas n\u00e3o v\u00e3o ter integridade e a campanha, que vai ser a \u00fanica esperan\u00e7a para sair do grande desafio que vive o Pa\u00eds, n\u00e3o vai dar resposta m\u00ednima para o debate nacional necess\u00e1rio\u201d, disse.<\/p>\n<p>Pela falta de entendimento e as diverg\u00eancias, at\u00e9 mesmo pelo interesse partid\u00e1rio, o parlamentar chamou para si a responsabilidade de assumir o voto individual, que, de acordo com ele, \u00e9 a \u00fanica forma de resolver o impasse e concluir a vota\u00e7\u00e3o de mat\u00e9rias que implicam no\u00a0<strong>pleito eleitoral<\/strong>.<\/p>\n<p>\u201cN\u00f3s temos que disputar no voto e assumir as consequ\u00eancias por essa disputa\u201d.<\/p>\n<!-- AddThis Advanced Settings generic via filter on the_content --><!-- AddThis Share Buttons generic via filter on the_content -->","protected":false},"excerpt":{"rendered":"<p>O deputado federal Afonso Motta, do PDT do Rio Grande do Sul, definiu, no Plen\u00e1rio da C\u00e2mara, como \u201cboletim de ocorr\u00eancia\u201c, os fatos envolvendo os\u00a0Poderes da Rep\u00fablica, os setores p\u00fablicos e privados que repercutiram no Brasil e no mundo, na \u00faltima ter\u00e7a-feira (5). Segundo ele, o que est\u00e1 acontecendo evidencia o esgotamento de um sistema&#8230;<!-- AddThis Advanced Settings generic via filter on wp_trim_excerpt --><!-- AddThis Share Buttons generic via filter on wp_trim_excerpt --><\/p>\n","protected":false},"author":17,"featured_media":55192,"comment_status":"closed","ping_status":"closed","sticky":false,"template":"","format":"standard","meta":{"_monsterinsights_skip_tracking":false,"_monsterinsights_sitenote_active":false,"_monsterinsights_sitenote_note":"","_monsterinsights_sitenote_category":0,"_uf_show_specific_survey":0,"_uf_disable_surveys":false,"footnotes":""},"categories":[1390],"tags":[96,2563,2564,38,2565],"class_list":["post-55191","post","type-post","status-publish","format-standard","has-post-thumbnail","hentry","category-editorias","tag-afonso-motta","tag-boletim-de-ocorrencia","tag-jogos-olimpicos-no-brasil-em-2016","tag-pdt","tag-processo-eleitoral-de-2018"],"acf":[],"_links":{"self":[{"href":"https:\/\/pdt-rj.org.br\/index.php\/wp-json\/wp\/v2\/posts\/55191","targetHints":{"allow":["GET"]}}],"collection":[{"href":"https:\/\/pdt-rj.org.br\/index.php\/wp-json\/wp\/v2\/posts"}],"about":[{"href":"https:\/\/pdt-rj.org.br\/index.php\/wp-json\/wp\/v2\/types\/post"}],"author":[{"embeddable":true,"href":"https:\/\/pdt-rj.org.br\/index.php\/wp-json\/wp\/v2\/users\/17"}],"replies":[{"embeddable":true,"href":"https:\/\/pdt-rj.org.br\/index.php\/wp-json\/wp\/v2\/comments?post=55191"}],"version-history":[{"count":5,"href":"https:\/\/pdt-rj.org.br\/index.php\/wp-json\/wp\/v2\/posts\/55191\/revisions"}],"predecessor-version":[{"id":55197,"href":"https:\/\/pdt-rj.org.br\/index.php\/wp-json\/wp\/v2\/posts\/55191\/revisions\/55197"}],"wp:featuredmedia":[{"embeddable":true,"href":"https:\/\/pdt-rj.org.br\/index.php\/wp-json\/wp\/v2\/media\/55192"}],"wp:attachment":[{"href":"https:\/\/pdt-rj.org.br\/index.php\/wp-json\/wp\/v2\/media?parent=55191"}],"wp:term":[{"taxonomy":"category","embeddable":true,"href":"https:\/\/pdt-rj.org.br\/index.php\/wp-json\/wp\/v2\/categories?post=55191"},{"taxonomy":"post_tag","embeddable":true,"href":"https:\/\/pdt-rj.org.br\/index.php\/wp-json\/wp\/v2\/tags?post=55191"}],"curies":[{"name":"wp","href":"https:\/\/api.w.org\/{rel}","templated":true}]}}