{"id":55170,"date":"2017-09-07T19:09:57","date_gmt":"2017-09-07T22:09:57","guid":{"rendered":"http:\/\/pdt-rj.org.br\/?p=55170"},"modified":"2017-09-15T17:36:21","modified_gmt":"2017-09-15T20:36:21","slug":"alceu-collares-um-eterno-defensor-da-independencia-do-cidadao-brasileiro","status":"publish","type":"post","link":"https:\/\/pdt-rj.org.br\/index.php\/alceu-collares-um-eterno-defensor-da-independencia-do-cidadao-brasileiro\/","title":{"rendered":"Alceu Collares: um eterno defensor da independ\u00eancia do cidad\u00e3o brasileiro"},"content":{"rendered":"<p>O pedetista Alceu Collares completa hoje 90 anos. O fato ocorre justamente na data que marca a independ\u00eancia do Brasil. Coincid\u00eancia? Nenhuma. Para o Trabalhismo, o ga\u00facho nascido na localidade do Povo Novo, em Bag\u00e9 (RS), representa o que h\u00e1 de mais puro e aut\u00eantico da for\u00e7a ideol\u00f3gica que &#8220;peleia&#8221; por uma na\u00e7\u00e3o mais justa, igual e democr\u00e1tica.<\/p>\n<p>Das trincheiras, o primeiro e \u00fanico governador do &#8220;Rio Grande&#8221; e ex-deputado federal segue a lutar, pois gosta de ressaltar: &#8220;Venho dos rinc\u00f5es da pobreza, filho de pai negro e m\u00e3e \u00edndia.\u201d<\/p>\n<p>Em sua homenagem, reapresentamos o poema &#8220;O Voto e o P\u00e3o&#8221;, que mostra, em palavras, um bravo sentimento de paix\u00e3o n\u00e3o s\u00f3 pelo povo ga\u00facho, mas por toda a na\u00e7\u00e3o brasileira.<\/p>\n<p>S\u00e3o versos inquietantes, escritos em 1977, de um homem que passou a vida servindo ao pa\u00eds e representando um dos maiores exemplo para cada militante do PDT.<\/p>\n<p>O VOTO E O P\u00c3O<br \/>\n(Alceu Collares)<\/p>\n<p>Mandam no teu destino.<br \/>\nMas ele \u00e9 teu, meu irm\u00e3o.<br \/>\nErgue teus bra\u00e7os finos<br \/>\nE acaba com a explora\u00e7\u00e3o<br \/>\nFaz tua revolu\u00e7\u00e3o!<\/p>\n<p>O voto \u00e9 tua \u00fanica arma.<br \/>\nP\u00f5e teu voto na m\u00e3o.<br \/>\nO voto \u00e9 tua \u00fanica arma.<\/p>\n<p>P\u00f5e teu voto na m\u00e3o.<br \/>\nO voto \u00e9 tua \u00fanica arma<br \/>\nP\u00f5e teu voto na m\u00e3o.<\/p>\n<p>Tua casa est\u00e1 caindo;<br \/>\nPouca comida tem no fog\u00e3o;<br \/>\nTua mulher est\u00e1 mal vestida;<br \/>\nTeu filho de p\u00e9 no ch\u00e3o.<br \/>\nFAZ TUA REVOLU\u00c7\u00c3O!<\/p>\n<p>O voto e tua \u00fanica arma;<br \/>\nP\u00f5e teu voto na m\u00e3o.<br \/>\nO voto \u00e9 tua \u00fanica arma;<br \/>\nP\u00f5e teu voto na m\u00e3o;<br \/>\nO voto e tua \u00fanica arma;<br \/>\nP\u00f5e teu voto na m\u00e3o.<\/p>\n<p>Escravismo, feudalismo, capitalismo,<br \/>\nSocialismo, tudo em v\u00e3o.<br \/>\nVai mil\u00eanio, vem mil\u00eanio.<br \/>\nE continuas na escravid\u00e3o<br \/>\nFAZ TUA REVOLU\u00c7\u00c3O!<\/p>\n<p>O voto \u00e9 tua \u00fanica arma;<br \/>\nP\u00f5e teu voto na m\u00e3o.<br \/>\nO voto \u00e9 tua \u00fanica arma;<br \/>\nP\u00f5e teu voto na m\u00e3o.<br \/>\nO voto \u00e9 tua \u00fanica arma;<br \/>\nP\u00f5e teu voto na m\u00e3o.<\/p>\n<p>Cristianismo, juda\u00edsmo, hindu\u00edsmo;<br \/>\nTodos querem a tua salva\u00e7\u00e3o.<br \/>\nTu rezas noite e dia,<br \/>\nNingu\u00e9m ouve a tua ora\u00e7\u00e3o.<br \/>\nFaz tua revolu\u00e7\u00e3o<\/p>\n<p>O voto e tua \u00fanica arma;<br \/>\nP\u00f5e teu voto na m\u00e3o<br \/>\nO voto \u00e9 tua \u00fanica arma;<br \/>\nP\u00f5e teu voto na m\u00e3o.<br \/>\nO voto e tua \u00fanica arma;<br \/>\nP\u00f5e teu voto na m\u00e3o.<\/p>\n<p>Constru\u00edste, com teu trabalho.<br \/>\nToda riqueza desta na\u00e7\u00e3o;<br \/>\nPor justi\u00e7a, tens o direito;<br \/>\nVai pegar o teu quinh\u00e3o.<br \/>\nFAZ TUA REVOLU\u00c7\u00c3O!<\/p>\n<p>O voto e tua \u00fanica arma;<br \/>\nP\u00f5e teu voto na m\u00e3o.<br \/>\nO voto \u00e9 tua \u00fanica arma;<br \/>\nP\u00f5e teu voto na m\u00e3o.<br \/>\nO voto e tua \u00fanica arma;<\/p>\n<p>P\u00f5e teu voto na m\u00e3o.<br \/>\nA liberdade \u00e9 o p\u00e3o do esp\u00edrito;<br \/>\nDo corpo, a liberdade \u00e9 o p\u00e3o.<br \/>\nDesperta pra luta amigo;<br \/>\nFaz tua revolu\u00e7\u00e3o.<\/p>\n<p>O voto e tua \u00fanica arma;<br \/>\nP\u00f5e teu voto na m\u00e3o.<br \/>\nO voto e tua \u00fanica arma.<br \/>\nP\u00f5e o teu voto na m\u00e3o.<br \/>\nO voto \u00e9 tua \u00fanica arma.<br \/>\nP\u00f5e teu voto na m\u00e3o.<\/p>\n<!-- AddThis Advanced Settings generic via filter on the_content --><!-- AddThis Share Buttons generic via filter on the_content -->","protected":false},"excerpt":{"rendered":"<p>O pedetista Alceu Collares completa hoje 90 anos. O fato ocorre justamente na data que marca a independ\u00eancia do Brasil. Coincid\u00eancia? Nenhuma. Para o Trabalhismo, o ga\u00facho nascido na localidade do Povo Novo, em Bag\u00e9 (RS), representa o que h\u00e1 de mais puro e aut\u00eantico da for\u00e7a ideol\u00f3gica que &#8220;peleia&#8221; por uma na\u00e7\u00e3o mais justa,&#8230;<!-- AddThis Advanced Settings generic via filter on wp_trim_excerpt --><!-- AddThis Share Buttons generic via filter on wp_trim_excerpt --><\/p>\n","protected":false},"author":17,"featured_media":55171,"comment_status":"closed","ping_status":"closed","sticky":false,"template":"","format":"standard","meta":{"_monsterinsights_skip_tracking":false,"_monsterinsights_sitenote_active":false,"_monsterinsights_sitenote_note":"","_monsterinsights_sitenote_category":0,"_uf_show_specific_survey":0,"_uf_disable_surveys":false,"footnotes":""},"categories":[1390],"tags":[2458,2553,38],"class_list":["post-55170","post","type-post","status-publish","format-standard","has-post-thumbnail","hentry","category-editorias","tag-alceu-collares","tag-o-voto-e-o-pao","tag-pdt"],"acf":[],"_links":{"self":[{"href":"https:\/\/pdt-rj.org.br\/index.php\/wp-json\/wp\/v2\/posts\/55170","targetHints":{"allow":["GET"]}}],"collection":[{"href":"https:\/\/pdt-rj.org.br\/index.php\/wp-json\/wp\/v2\/posts"}],"about":[{"href":"https:\/\/pdt-rj.org.br\/index.php\/wp-json\/wp\/v2\/types\/post"}],"author":[{"embeddable":true,"href":"https:\/\/pdt-rj.org.br\/index.php\/wp-json\/wp\/v2\/users\/17"}],"replies":[{"embeddable":true,"href":"https:\/\/pdt-rj.org.br\/index.php\/wp-json\/wp\/v2\/comments?post=55170"}],"version-history":[{"count":8,"href":"https:\/\/pdt-rj.org.br\/index.php\/wp-json\/wp\/v2\/posts\/55170\/revisions"}],"predecessor-version":[{"id":55282,"href":"https:\/\/pdt-rj.org.br\/index.php\/wp-json\/wp\/v2\/posts\/55170\/revisions\/55282"}],"wp:featuredmedia":[{"embeddable":true,"href":"https:\/\/pdt-rj.org.br\/index.php\/wp-json\/wp\/v2\/media\/55171"}],"wp:attachment":[{"href":"https:\/\/pdt-rj.org.br\/index.php\/wp-json\/wp\/v2\/media?parent=55170"}],"wp:term":[{"taxonomy":"category","embeddable":true,"href":"https:\/\/pdt-rj.org.br\/index.php\/wp-json\/wp\/v2\/categories?post=55170"},{"taxonomy":"post_tag","embeddable":true,"href":"https:\/\/pdt-rj.org.br\/index.php\/wp-json\/wp\/v2\/tags?post=55170"}],"curies":[{"name":"wp","href":"https:\/\/api.w.org\/{rel}","templated":true}]}}