{"id":55153,"date":"2017-09-01T19:08:24","date_gmt":"2017-09-01T22:08:24","guid":{"rendered":"http:\/\/pdt-rj.org.br\/?p=55153"},"modified":"2017-09-04T19:42:43","modified_gmt":"2017-09-04T22:42:43","slug":"trabalhismo-em-dialogo-exalta-legado-de-alberto-pasqualini-no-rio-de-janeiro","status":"publish","type":"post","link":"https:\/\/pdt-rj.org.br\/index.php\/trabalhismo-em-dialogo-exalta-legado-de-alberto-pasqualini-no-rio-de-janeiro\/","title":{"rendered":"PDT debate \u201cPasqualini e o Trabalhismo\u201d no Rio de Janeiro"},"content":{"rendered":"<p>A Funda\u00e7\u00e3o Leonel Brizola \u2013 Alberto Pasqualini (FLB-AP) realizou, na \u00faltima quinta-feira (31), mais uma edi\u00e7\u00e3o do \u201cTrabalhismo em Di\u00e1logo\u201d, no Rio de Janeiro. O evento aconteceu na sede do partido e, desta vez, abordou o tema \u201cPasqualini e o Trabalhismo\u201d, com a participa\u00e7\u00e3o do professor Roberto Bitencourt.<\/p>\n<p>\u00cdcone da forma\u00e7\u00e3o pol\u00edtica continuada no estado, o projeto elucidou, nesta edi\u00e7\u00e3o, uma s\u00e9rie de quest\u00f5es aos militantes, que puderam ainda formular um conjunto de perguntas n\u00e3o s\u00f3 sobre Pasqualini, mas tamb\u00e9m sobre as origens do trabalhismo brasileiro e a influ\u00eancia do pensador sobre Leonel Brizola.<\/p>\n<p>O vice-presidente Regional da FLB-AP, Everton Gomes, liderou a atividade e aproveitou para destacar a import\u00e2ncia do soci\u00f3logo: \u201cO partido precisa conhecer suas origens, o pensamento pol\u00edtico e as concep\u00e7\u00f5es que lhe deram vida. Pasqualini \u00e9 pouco conhecido e muito incompreendido. Esse debate tem a miss\u00e3o de resgatar seu legado e transform\u00e1-lo em conte\u00fado e forma\u00e7\u00e3o pol\u00edtica para a nossa milit\u00e2ncia\u201d.<\/p>\n<p>Ao longo do encontro, o professor Roberto Bitencourt ratificou o papel firme que Pasqualini desempenhou na constru\u00e7\u00e3o da m\u00edstica em torno da coer\u00eancia ideol\u00f3gica. \u201cEle recusou uma s\u00e9rie de cargos e fun\u00e7\u00f5es pela lealdade ao projeto, pois preferia perder um embate ao perder a coer\u00eancia e o compromisso com o partido\u201d.<\/p>\n<p>O evento contou ainda com a presen\u00e7a do vereador local, Fernando William, do presidente nacional da Juventude Socialista (JS), William Rodrigues, do tesoureiro da Funda\u00e7\u00e3o, Antonio Albuquerque, e dos dirigentes do PDT Metropolitano, cuja plen\u00e1ria mensal aconteceu em conjunto.<\/p>\n<p>A pr\u00f3xima edi\u00e7\u00e3o j\u00e1 tem data definida: 28 de setembro, no mesmo local e o tema da vez ser\u00e1 \u201cViol\u00eancia tem solu\u00e7\u00e3o?\u201d.<\/p>\n<!-- AddThis Advanced Settings generic via filter on the_content --><!-- AddThis Share Buttons generic via filter on the_content -->","protected":false},"excerpt":{"rendered":"<p>A Funda\u00e7\u00e3o Leonel Brizola \u2013 Alberto Pasqualini (FLB-AP) realizou, na \u00faltima quinta-feira (31), mais uma edi\u00e7\u00e3o do \u201cTrabalhismo em Di\u00e1logo\u201d, no Rio de Janeiro. O evento aconteceu na sede do partido e, desta vez, abordou o tema \u201cPasqualini e o Trabalhismo\u201d, com a participa\u00e7\u00e3o do professor Roberto Bitencourt. \u00cdcone da forma\u00e7\u00e3o pol\u00edtica continuada no estado,&#8230;<!-- AddThis Advanced Settings generic via filter on wp_trim_excerpt --><!-- AddThis Share Buttons generic via filter on wp_trim_excerpt --><\/p>\n","protected":false},"author":17,"featured_media":55154,"comment_status":"closed","ping_status":"closed","sticky":false,"template":"","format":"standard","meta":{"_monsterinsights_skip_tracking":false,"_monsterinsights_sitenote_active":false,"_monsterinsights_sitenote_note":"","_monsterinsights_sitenote_category":0,"_uf_show_specific_survey":0,"_uf_disable_surveys":false,"footnotes":""},"categories":[1390],"tags":[1796,426,539,2552,46,2395],"class_list":["post-55153","post","type-post","status-publish","format-standard","has-post-thumbnail","hentry","category-editorias","tag-everton-gomes","tag-fundacao-leonel-brizola-alberto-pasqualini","tag-juventude-socialista","tag-roberto-bitencourt","tag-trabalhismo","tag-william-rodrigues"],"acf":[],"_links":{"self":[{"href":"https:\/\/pdt-rj.org.br\/index.php\/wp-json\/wp\/v2\/posts\/55153","targetHints":{"allow":["GET"]}}],"collection":[{"href":"https:\/\/pdt-rj.org.br\/index.php\/wp-json\/wp\/v2\/posts"}],"about":[{"href":"https:\/\/pdt-rj.org.br\/index.php\/wp-json\/wp\/v2\/types\/post"}],"author":[{"embeddable":true,"href":"https:\/\/pdt-rj.org.br\/index.php\/wp-json\/wp\/v2\/users\/17"}],"replies":[{"embeddable":true,"href":"https:\/\/pdt-rj.org.br\/index.php\/wp-json\/wp\/v2\/comments?post=55153"}],"version-history":[{"count":4,"href":"https:\/\/pdt-rj.org.br\/index.php\/wp-json\/wp\/v2\/posts\/55153\/revisions"}],"predecessor-version":[{"id":55158,"href":"https:\/\/pdt-rj.org.br\/index.php\/wp-json\/wp\/v2\/posts\/55153\/revisions\/55158"}],"wp:featuredmedia":[{"embeddable":true,"href":"https:\/\/pdt-rj.org.br\/index.php\/wp-json\/wp\/v2\/media\/55154"}],"wp:attachment":[{"href":"https:\/\/pdt-rj.org.br\/index.php\/wp-json\/wp\/v2\/media?parent=55153"}],"wp:term":[{"taxonomy":"category","embeddable":true,"href":"https:\/\/pdt-rj.org.br\/index.php\/wp-json\/wp\/v2\/categories?post=55153"},{"taxonomy":"post_tag","embeddable":true,"href":"https:\/\/pdt-rj.org.br\/index.php\/wp-json\/wp\/v2\/tags?post=55153"}],"curies":[{"name":"wp","href":"https:\/\/api.w.org\/{rel}","templated":true}]}}