{"id":55120,"date":"2017-09-04T17:21:43","date_gmt":"2017-09-04T20:21:43","guid":{"rendered":"http:\/\/pdt-rj.org.br\/?p=55120"},"modified":"2017-09-04T18:06:09","modified_gmt":"2017-09-04T21:06:09","slug":"sergio-vidigal-questiona-ministro-sobre-problemas-enfrentados-pela-saude-no-brasil","status":"publish","type":"post","link":"https:\/\/pdt-rj.org.br\/index.php\/sergio-vidigal-questiona-ministro-sobre-problemas-enfrentados-pela-saude-no-brasil\/","title":{"rendered":"S\u00e9rgio Vidigal questiona ministro sobre problemas enfrentados pela Sa\u00fade no Brasil"},"content":{"rendered":"<p>O deputado federal S\u00e9rgio Vidigal (PDT-ES) participou da audi\u00eancia na Comiss\u00e3o de Seguridade Social e Fam\u00edlia, para discutir juntamente com o Ministro da Sa\u00fade, Ricardo Barros, sobre a exclus\u00e3o do Hospital S\u00e3o Paulo, sobre recursos do Programa Nacional de Reestrutura\u00e7\u00e3o dos Hospitais Universit\u00e1rios Federais (REHUF) e ainda, a situa\u00e7\u00e3o dos Hospitais P\u00fablicos do Rio de Janeiro.<\/p>\n<p>Na ocasi\u00e3o, S\u00e9rgio Vidigal questionou o ministro sobre os problemas enfrentados pela sa\u00fade no Brasil. Al\u00e9m de assuntos como os recursos que obrigam o governo a prestar atendimentos ou fornecer rem\u00e9dios, piso salarial dos m\u00e9dicos e qualidade no atendimento \u00e0 popula\u00e7\u00e3o.<\/p>\n<p>Vidigal, que \u00e9 m\u00e9dico, lembrou que em uma pesquisa de opini\u00e3o p\u00fablica feita em 2011 e 2012, no auge da economia do Brasil gerando pleno emprego, a principal reclama\u00e7\u00e3o era a sa\u00fade p\u00fablica, enquanto os pa\u00edses latinos estavam preocupados com o desemprego. Hoje, o pa\u00eds vive o desemprego, a retra\u00e7\u00e3o econ\u00f4mica, aumento da viol\u00eancia e a reclama\u00e7\u00e3o para com a sa\u00fade tamb\u00e9m continuam.<\/p>\n<p>Barros respondeu que apesar de a sa\u00fade no pa\u00eds precisar de melhorias e ainda liderar o ranking de anseios da popula\u00e7\u00e3o, assegurou que vai apresentar bons resultados.<\/p>\n<p>\u201cA sa\u00fade no Brasil \u00e9 o maior problema, sempre foi e continuar\u00e1 sendo, at\u00e9 que em algumas cidades a seguran\u00e7a supera. Em outros lugares t\u00eam outros problemas como programas de habita\u00e7\u00e3o, asfalto. Mas sa\u00fade e seguran\u00e7a disputam a lideran\u00e7a das ansiedades da popula\u00e7\u00e3o. Eu posso assegurar que vamos entregar uma sa\u00fade melhor do que recebemos. Vamos entregar uma sa\u00fade com gest\u00e3o\u201d, disse.<\/p>\n<p>Logo ap\u00f3s o parlamentar citou uma entrevista publicada pela BBC Brasil, em novembro do ano passado, em que\u00a0o ministro havia dito que estava discutindo no Supremo Tribunal Federal (STF) o julgamento de recursos judiciais para obrigar o governo a prestar atendimentos ou fornecer rem\u00e9dios.<\/p>\n<p>O ministro explicou que na Corte h\u00e1 dois recursos extraordin\u00e1rios (Res), 566471 e 657718, que aguardam julgamento e que tratam do fornecimento de rem\u00e9dios de alto custo n\u00e3o dispon\u00edveis na lista do Sistema \u00danico de Sa\u00fade (SUS) e de medicamentos n\u00e3o registrados na Ag\u00eancia Nacional de Vigil\u00e2ncia Sanit\u00e1ria (Anvisa).<\/p>\n<p>\u201cA integralidade que \u00e9 tudo para o cidad\u00e3o e a universalidade que \u00e9 atender a todos igualmente, s\u00e3o os dois princ\u00edpios que est\u00e3o na Constitui\u00e7\u00e3o e que s\u00e3o contradit\u00f3rios. Mas, o STF quando terminar esse julgamento ter\u00e1 dado qual \u00e9 o entendimento que vai prevalecer o princ\u00edpio da integralidade ou o princ\u00edpio da universalidade, que os dois n\u00e3o s\u00e3o poss\u00edveis, comentou.<\/p>\n<p>Vidigal tamb\u00e9m questionou o ministro sobre a remunera\u00e7\u00e3o dos m\u00e9dicos, que para ele, \u00e9 aqu\u00e9m do que a categoria busca. Segundo o deputado, a m\u00e9dia salarial de um m\u00e9dico no Brasil \u00e9 em torno de 20 mil d\u00f3lares por ano, equivalente a 50 e 60 mil reais, anualmente. Enquanto, em outros pa\u00edses, o valor \u00e9 diferenciado.<\/p>\n<p>Barros explicou que na Constitui\u00e7\u00e3o Federal tem o princ\u00edpio da irredutibilidade e da isonomia, que \u201cimpede\u201d o Estado de reajustar os sal\u00e1rios.<\/p>\n<p>\u201cEnt\u00e3o, esses princ\u00edpios constitucionais dificultam a consolida\u00e7\u00e3o de um modelo de carreira que possa premiar aquele que est\u00e1 l\u00e1 iniciando a carreira ganhando muito mais e aquele que est\u00e1 no final da carreira pode ganhar menos porque o sal\u00e1rio de mercado daquela atividade num grande centro \u00e9 menor. \u00c9 um desafio que todos est\u00e3o convidados a debater e encontrar a solu\u00e7\u00e3o\u201d ponderou.<\/p>\n<p>Ap\u00f3s ser questionado sobre a qualifica\u00e7\u00e3o dos profissionais de sa\u00fade, o ministro disse que existem v\u00e1rios programas em andamento, como a o Sistema Universidade Aberta do Sistema \u00danico de Sa\u00fade (UNA-SUS), \u00e9 uma rede colaborativa de institui\u00e7\u00f5es de ensino superior com 35 institui\u00e7\u00f5es de ensino superior, que qualifica quatro milh\u00f5es de colaboradores, entre outros meios de capacita\u00e7\u00e3o.<\/p>\n<p>\u201cN\u00f3s aplicamos em julho de 2017, 700 milh\u00f5es de reais em credenciamento de novos servi\u00e7os, tr\u00eas mil equipes da sa\u00fade da fam\u00edlia 2.300 equipes de sa\u00fade bucal e v\u00e1rios outros servi\u00e7os que tamb\u00e9m foram credenciados, ressaltou.<\/p>\n<p>Al\u00e9m do ministro, esteve presente na audi\u00eancia, o presidente da Federa\u00e7\u00e3o Nacional dos M\u00e9dicos (Fenam), Jorge Sale Darze.<\/p>\n<!-- AddThis Advanced Settings generic via filter on the_content --><!-- AddThis Share Buttons generic via filter on the_content -->","protected":false},"excerpt":{"rendered":"<p>O deputado federal S\u00e9rgio Vidigal (PDT-ES) participou da audi\u00eancia na Comiss\u00e3o de Seguridade Social e Fam\u00edlia, para discutir juntamente com o Ministro da Sa\u00fade, Ricardo Barros, sobre a exclus\u00e3o do Hospital S\u00e3o Paulo, sobre recursos do Programa Nacional de Reestrutura\u00e7\u00e3o dos Hospitais Universit\u00e1rios Federais (REHUF) e ainda, a situa\u00e7\u00e3o dos Hospitais P\u00fablicos do Rio de&#8230;<!-- AddThis Advanced Settings generic via filter on wp_trim_excerpt --><!-- AddThis Share Buttons generic via filter on wp_trim_excerpt --><\/p>\n","protected":false},"author":17,"featured_media":55123,"comment_status":"closed","ping_status":"closed","sticky":false,"template":"","format":"standard","meta":{"_monsterinsights_skip_tracking":false,"_monsterinsights_sitenote_active":false,"_monsterinsights_sitenote_note":"","_monsterinsights_sitenote_category":0,"_uf_show_specific_survey":0,"_uf_disable_surveys":false,"footnotes":""},"categories":[1390,1459],"tags":[2538,2539,623,38,859],"class_list":["post-55120","post","type-post","status-publish","format-standard","has-post-thumbnail","hentry","category-editorias","category-congresso","tag-comissao-de-seguridade-social-e-familia","tag-deputado-sergio-vidigal","tag-ministerio-da-saude","tag-pdt","tag-saude-publica"],"acf":[],"_links":{"self":[{"href":"https:\/\/pdt-rj.org.br\/index.php\/wp-json\/wp\/v2\/posts\/55120","targetHints":{"allow":["GET"]}}],"collection":[{"href":"https:\/\/pdt-rj.org.br\/index.php\/wp-json\/wp\/v2\/posts"}],"about":[{"href":"https:\/\/pdt-rj.org.br\/index.php\/wp-json\/wp\/v2\/types\/post"}],"author":[{"embeddable":true,"href":"https:\/\/pdt-rj.org.br\/index.php\/wp-json\/wp\/v2\/users\/17"}],"replies":[{"embeddable":true,"href":"https:\/\/pdt-rj.org.br\/index.php\/wp-json\/wp\/v2\/comments?post=55120"}],"version-history":[{"count":4,"href":"https:\/\/pdt-rj.org.br\/index.php\/wp-json\/wp\/v2\/posts\/55120\/revisions"}],"predecessor-version":[{"id":55150,"href":"https:\/\/pdt-rj.org.br\/index.php\/wp-json\/wp\/v2\/posts\/55120\/revisions\/55150"}],"wp:featuredmedia":[{"embeddable":true,"href":"https:\/\/pdt-rj.org.br\/index.php\/wp-json\/wp\/v2\/media\/55123"}],"wp:attachment":[{"href":"https:\/\/pdt-rj.org.br\/index.php\/wp-json\/wp\/v2\/media?parent=55120"}],"wp:term":[{"taxonomy":"category","embeddable":true,"href":"https:\/\/pdt-rj.org.br\/index.php\/wp-json\/wp\/v2\/categories?post=55120"},{"taxonomy":"post_tag","embeddable":true,"href":"https:\/\/pdt-rj.org.br\/index.php\/wp-json\/wp\/v2\/tags?post=55120"}],"curies":[{"name":"wp","href":"https:\/\/api.w.org\/{rel}","templated":true}]}}