{"id":55084,"date":"2017-08-29T17:58:34","date_gmt":"2017-08-29T20:58:34","guid":{"rendered":"http:\/\/pdt-rj.org.br\/?p=55084"},"modified":"2017-09-01T17:49:14","modified_gmt":"2017-09-01T20:49:14","slug":"sergio-vidigal-realiza-audiencia-para-discutir-etica-e-valores-nas-escolas","status":"publish","type":"post","link":"https:\/\/pdt-rj.org.br\/index.php\/sergio-vidigal-realiza-audiencia-para-discutir-etica-e-valores-nas-escolas\/","title":{"rendered":"S\u00e9rgio Vidigal realiza audi\u00eancia para discutir \u00e9tica e valores nas escolas"},"content":{"rendered":"<p>O deputado federal S\u00e9rgio Vidigal (PDT-ES) acredita que os valores \u00e9ticos e morais s\u00e3o fundamentais na constru\u00e7\u00e3o de uma escola melhor, de forma a acabar com a viol\u00eancia, evas\u00e3o escolar, entre outros problemas enfrentados hoje pela institui\u00e7\u00e3o. Para isto, prop\u00f4s a audi\u00eancia p\u00fablica\u00a0com o tema &#8220;Educa\u00e7\u00e3o para a forma\u00e7\u00e3o de \u00c9tica e Valores\u201d,\u00a0 na Comiss\u00e3o de Educa\u00e7\u00e3o, da C\u00e2mara dos Deputados.<\/p>\n<p>O objetivo da audi\u00eancia \u00e9 ampliar o debate sobre valores \u00e9ticos entre pais, professores e alunos, desde a educa\u00e7\u00e3o infantil.<\/p>\n<p>\u201c\u00c9 importante refletirmos sobre a necessidade e os limites da escola se apresentar tamb\u00e9m como espa\u00e7o de forma\u00e7\u00e3o moral e \u00e9tica, como lugar da apresenta\u00e7\u00e3o de princ\u00edpios. A escola n\u00e3o \u00e9 lugar para viol\u00eancia\u201d, comentou Vidigal.<\/p>\n<p>No encontro, estiveram presentes a representante do Minist\u00e9rio da Educa\u00e7\u00e3o e Cultura, Sandra Zita Silva Tine, o professor e representante do Instituto de Educa\u00e7\u00e3o em Valores Humanos, Gon\u00e7alo Vicente Medeiros, e a presidente da Comiss\u00e3o de N\u00edvel Superior (Fenep), Am\u00e1bile Aparecida Pacios.<\/p>\n<p><strong id=\"yui_3_16_0_ym19_1_1504014563615_270960\">Serra foi exemplo entre 2009 e 2012<\/strong><\/p>\n<p>O professor de Filosofia, Vicente Medeiros, destacou a experi\u00eancia exitosa na Serra (ES) entre 2009 e 2012, durante a gest\u00e3o Vidigal, com o projeto &#8220;Educa\u00e7\u00e3o em Valores Humanos&#8221; com objetivo de cuidar dos cidad\u00e3os al\u00e9m das disciplinas cient\u00edficas, ainda na inf\u00e2ncia.<\/p>\n<p>A nova metodologia de ensino propunha, em paralelo \u00e0s quest\u00f5es t\u00e9cnicas, o ensino de valores como respeito, dignidade, perd\u00e3o e afeto. O projeto, na \u00e9poca, foi apresentado pelo pr\u00f3prio Gon\u00e7alo. &#8220;Da\u00ed em diante, a escola passou a integrar a fam\u00edlia\u201d, comentou o acad\u00eamico.<\/p>\n<p>Na Serra, o &#8220;Programa Valores Humanos&#8221; havia sido proposto, em formato piloto, em tr\u00eas unidades: a Escola de Ensino Fundamental (EMEF) Julite Miranda Freitas, em Nova Almeida, a EMEF Jacara\u00edpe, no bairro de mesmo nome e o Centro Municipal de Educa\u00e7\u00e3o Infantil (CMEI) Professora Maria Jos\u00e9 do Nascimento, em S\u00e3o Domingos. No total, cerca de 1,7 mil alunos tiveram contato com essa nova filosofia de aprendizagem.<\/p>\n<p><strong>Viol\u00eancia<\/strong><\/p>\n<p>Infelizmente, as estat\u00edsticas refletem a falta desse tipo de debate nas escolas. O Brasil \u00e9 o primeiro no ranking de viol\u00eancia contra professores. \u00c9 o que mostra uma pesquisa global da Organiza\u00e7\u00e3o para a Coopera\u00e7\u00e3o e Desenvolvimento Econ\u00f4mico (OCDE) com mais de 100 mil professores e diretores de escola do segundo ciclo do ensino fundamental e do ensino m\u00e9dio (alunos de 11 a 16 anos). \u00a0O levantamento \u00e9 o mais importante do tipo e considera dados de 2013. Uma nova pesquisa est\u00e1 em andamento e os resultados devem ser divulgados apenas em 2019.<\/p>\n<!-- AddThis Advanced Settings generic via filter on the_content --><!-- AddThis Share Buttons generic via filter on the_content -->","protected":false},"excerpt":{"rendered":"<p>O deputado federal S\u00e9rgio Vidigal (PDT-ES) acredita que os valores \u00e9ticos e morais s\u00e3o fundamentais na constru\u00e7\u00e3o de uma escola melhor, de forma a acabar com a viol\u00eancia, evas\u00e3o escolar, entre outros problemas enfrentados hoje pela institui\u00e7\u00e3o. Para isto, prop\u00f4s a audi\u00eancia p\u00fablica\u00a0com o tema &#8220;Educa\u00e7\u00e3o para a forma\u00e7\u00e3o de \u00c9tica e Valores\u201d,\u00a0 na Comiss\u00e3o&#8230;<!-- AddThis Advanced Settings generic via filter on wp_trim_excerpt --><!-- AddThis Share Buttons generic via filter on wp_trim_excerpt --><\/p>\n","protected":false},"author":17,"featured_media":55085,"comment_status":"closed","ping_status":"closed","sticky":false,"template":"","format":"standard","meta":{"_monsterinsights_skip_tracking":false,"_monsterinsights_sitenote_active":false,"_monsterinsights_sitenote_note":"","_monsterinsights_sitenote_category":0,"_uf_show_specific_survey":0,"_uf_disable_surveys":false,"footnotes":""},"categories":[1390],"tags":[2532,2529,2534,2533,2531,2530],"class_list":["post-55084","post","type-post","status-publish","format-standard","has-post-thumbnail","hentry","category-editorias","tag-comissao-de-nivel-superior","tag-educacao-em-valores-humanos","tag-emef","tag-escola-de-ensino-fundamental","tag-ocde","tag-organizacao-para-a-cooperacao-e-desenvolvimento-economico"],"acf":[],"_links":{"self":[{"href":"https:\/\/pdt-rj.org.br\/index.php\/wp-json\/wp\/v2\/posts\/55084","targetHints":{"allow":["GET"]}}],"collection":[{"href":"https:\/\/pdt-rj.org.br\/index.php\/wp-json\/wp\/v2\/posts"}],"about":[{"href":"https:\/\/pdt-rj.org.br\/index.php\/wp-json\/wp\/v2\/types\/post"}],"author":[{"embeddable":true,"href":"https:\/\/pdt-rj.org.br\/index.php\/wp-json\/wp\/v2\/users\/17"}],"replies":[{"embeddable":true,"href":"https:\/\/pdt-rj.org.br\/index.php\/wp-json\/wp\/v2\/comments?post=55084"}],"version-history":[{"count":3,"href":"https:\/\/pdt-rj.org.br\/index.php\/wp-json\/wp\/v2\/posts\/55084\/revisions"}],"predecessor-version":[{"id":55132,"href":"https:\/\/pdt-rj.org.br\/index.php\/wp-json\/wp\/v2\/posts\/55084\/revisions\/55132"}],"wp:featuredmedia":[{"embeddable":true,"href":"https:\/\/pdt-rj.org.br\/index.php\/wp-json\/wp\/v2\/media\/55085"}],"wp:attachment":[{"href":"https:\/\/pdt-rj.org.br\/index.php\/wp-json\/wp\/v2\/media?parent=55084"}],"wp:term":[{"taxonomy":"category","embeddable":true,"href":"https:\/\/pdt-rj.org.br\/index.php\/wp-json\/wp\/v2\/categories?post=55084"},{"taxonomy":"post_tag","embeddable":true,"href":"https:\/\/pdt-rj.org.br\/index.php\/wp-json\/wp\/v2\/tags?post=55084"}],"curies":[{"name":"wp","href":"https:\/\/api.w.org\/{rel}","templated":true}]}}