{"id":55047,"date":"2017-08-25T18:57:50","date_gmt":"2017-08-25T21:57:50","guid":{"rendered":"http:\/\/pdt-rj.org.br\/?p=55047"},"modified":"2017-08-30T18:22:57","modified_gmt":"2017-08-30T21:22:57","slug":"juliana-brizola-protocola-pec-da-data-base-com-apoio-de-ciro-e-lupi","status":"publish","type":"post","link":"https:\/\/pdt-rj.org.br\/index.php\/juliana-brizola-protocola-pec-da-data-base-com-apoio-de-ciro-e-lupi\/","title":{"rendered":"Juliana Brizola protocola PEC da Data-base com apoio de Ciro e Lupi"},"content":{"rendered":"<p>A deputada estadual Juliana Brizola (PDT-RS) protocolou, nessa quinta-feira (24), Projeto de Emenda \u00e0 Constitui\u00e7\u00e3o que busca a garantia legal de estabelecer, no dia 1\u00ba de mar\u00e7o de cada ano, a data oficial para reivindica\u00e7\u00e3o salarial dos servidores do Rio Grande do Sul, bem como a negocia\u00e7\u00e3o coletiva.<\/p>\n<p>Ap\u00f3s o ato, realizado na presid\u00eancia da Assembleia Legislativa, a discuss\u00e3o sobre o projeto foi pauta em evento com a presen\u00e7a do pr\u00e9-candidato \u00e0 Presid\u00eancia da rep\u00fablica pelo PDT ,Ciro Gomes, e do presidente nacional do PDT, Carlos Lupi, realizado no Teatro Dante Barone.<\/p>\n<p>O debate \u201c1\u00aa Jornada em Defesa do Servi\u00e7o P\u00fablico &#8211; O Brasil que a gente que a gente precisa\u201d reuniu mais de 700 pessoas, que ouviram Ciro criticar o governo Sartori e defender o funcionalismo p\u00fablico, sobretudo, o projeto proposto pela deputada Juliana Brizola.<\/p>\n<p>Ciro afirmou que a fixa\u00e7\u00e3o de uma data-base para reajustar o sal\u00e1rio dos servidores p\u00fablicos, conforme prop\u00f5e Juliana, vai evitar a multiplica\u00e7\u00e3o de greves descentralizadas, reunindo todas as reivindica\u00e7\u00f5es na mesma ocasi\u00e3o.<\/p>\n<p>&#8220;Isso vai facilitar a administra\u00e7\u00e3o do governador, pois vai poder fazer uma \u00fanica reuni\u00e3o para negociar a reposi\u00e7\u00e3o. E vai evitar que um gestor deixe d\u00edvidas para o pr\u00f3ximo&#8221;, arrematou.<\/p>\n<p>Para a parlamentar, \u201cdada a situa\u00e7\u00e3o constrangedora de gest\u00e3o do atual governo, a PEC da data-base se faz de extrema import\u00e2ncia no combate \u00e0s desigualdades existentes e sucateamento dos trabalhadores\u201d. Desde que o pacote Sartori chegou \u00e0 Assembleia Legislativa, Juliana Brizola tornou-se grande opositora no cen\u00e1rio, tecendo fortes cr\u00edticas \u00e0 atual gest\u00e3o.<\/p>\n<!-- AddThis Advanced Settings generic via filter on the_content --><!-- AddThis Share Buttons generic via filter on the_content -->","protected":false},"excerpt":{"rendered":"<p>A deputada estadual Juliana Brizola (PDT-RS) protocolou, nessa quinta-feira (24), Projeto de Emenda \u00e0 Constitui\u00e7\u00e3o que busca a garantia legal de estabelecer, no dia 1\u00ba de mar\u00e7o de cada ano, a data oficial para reivindica\u00e7\u00e3o salarial dos servidores do Rio Grande do Sul, bem como a negocia\u00e7\u00e3o coletiva. Ap\u00f3s o ato, realizado na presid\u00eancia da&#8230;<!-- AddThis Advanced Settings generic via filter on wp_trim_excerpt --><!-- AddThis Share Buttons generic via filter on wp_trim_excerpt --><\/p>\n","protected":false},"author":17,"featured_media":55050,"comment_status":"closed","ping_status":"closed","sticky":false,"template":"","format":"standard","meta":{"_monsterinsights_skip_tracking":false,"_monsterinsights_sitenote_active":false,"_monsterinsights_sitenote_note":"","_monsterinsights_sitenote_category":0,"_uf_show_specific_survey":0,"_uf_disable_surveys":false,"footnotes":""},"categories":[1390],"tags":[196,220,2528,1537],"class_list":["post-55047","post","type-post","status-publish","format-standard","has-post-thumbnail","hentry","category-editorias","tag-carlos-lupi","tag-ciro-gomes","tag-data-base","tag-juliana-brizola"],"acf":[],"_links":{"self":[{"href":"https:\/\/pdt-rj.org.br\/index.php\/wp-json\/wp\/v2\/posts\/55047","targetHints":{"allow":["GET"]}}],"collection":[{"href":"https:\/\/pdt-rj.org.br\/index.php\/wp-json\/wp\/v2\/posts"}],"about":[{"href":"https:\/\/pdt-rj.org.br\/index.php\/wp-json\/wp\/v2\/types\/post"}],"author":[{"embeddable":true,"href":"https:\/\/pdt-rj.org.br\/index.php\/wp-json\/wp\/v2\/users\/17"}],"replies":[{"embeddable":true,"href":"https:\/\/pdt-rj.org.br\/index.php\/wp-json\/wp\/v2\/comments?post=55047"}],"version-history":[{"count":6,"href":"https:\/\/pdt-rj.org.br\/index.php\/wp-json\/wp\/v2\/posts\/55047\/revisions"}],"predecessor-version":[{"id":55095,"href":"https:\/\/pdt-rj.org.br\/index.php\/wp-json\/wp\/v2\/posts\/55047\/revisions\/55095"}],"wp:featuredmedia":[{"embeddable":true,"href":"https:\/\/pdt-rj.org.br\/index.php\/wp-json\/wp\/v2\/media\/55050"}],"wp:attachment":[{"href":"https:\/\/pdt-rj.org.br\/index.php\/wp-json\/wp\/v2\/media?parent=55047"}],"wp:term":[{"taxonomy":"category","embeddable":true,"href":"https:\/\/pdt-rj.org.br\/index.php\/wp-json\/wp\/v2\/categories?post=55047"},{"taxonomy":"post_tag","embeddable":true,"href":"https:\/\/pdt-rj.org.br\/index.php\/wp-json\/wp\/v2\/tags?post=55047"}],"curies":[{"name":"wp","href":"https:\/\/api.w.org\/{rel}","templated":true}]}}