{"id":55007,"date":"2017-08-24T17:06:25","date_gmt":"2017-08-24T20:06:25","guid":{"rendered":"http:\/\/pdt-rj.org.br\/?p=55007"},"modified":"2017-08-28T11:54:16","modified_gmt":"2017-08-28T14:54:16","slug":"angela-portela-acusa-temer-de-repassar-aos-pobres-e-aos-servidores-publicos-a-conta-da-crise","status":"publish","type":"post","link":"https:\/\/pdt-rj.org.br\/index.php\/angela-portela-acusa-temer-de-repassar-aos-pobres-e-aos-servidores-publicos-a-conta-da-crise\/","title":{"rendered":"\u00c2ngela Portela acusa Temer de repassar aos pobres e aos servidores p\u00fablicos a conta da crise"},"content":{"rendered":"<p>A senadora \u00c2ngela Portela (PDT-RR) afirmou, nessa quarta-feira (23), que as v\u00edtimas da crise pela qual atravessa o Pa\u00eds, mais uma vez, s\u00e3o o servidor p\u00fablico e o povo brasileiro. A parlamentar se refere \u00e0 proposta da equipe econ\u00f4mica do governo Temer que aumenta de 11% para 14% a contribui\u00e7\u00e3o previdenci\u00e1ria do servidor p\u00fablico, para cobrir o rombo or\u00e7ament\u00e1rio, agora, de R$ 159 bilh\u00f5es, para este ano e para 2018.<\/p>\n<p>\u201cN\u00e3o aceitarei que, aos servidores p\u00fablicos e aos cidad\u00e3os e cidad\u00e3s mais pobres desse Pa\u00eds, seja imposta a culpa pelos desmandos e a incompet\u00eancia deste governo, que se tornou o inimigo n\u00famero um do povo brasileiro\u201d, afirmou.<\/p>\n<p>Segundo a senadora, depois de atacar os direitos sociais e trabalhistas, atingindo diretamente a maioria do povo brasileiro, o governo parte, agora, para cima dos servidores p\u00fablicos do pa\u00eds.<\/p>\n<p>\u201cO funcionalismo p\u00fablico \u00e9, agora, alvo da equipe econ\u00f4mica, que, ao se dar conta de sua incapacidade de garantir a continuidade da Administra\u00e7\u00e3o P\u00fablica, resolveu propor ao Congresso Nacional, o aumento da meta de d\u00e9ficit para 2017 e 2018, com o sacrif\u00edcio do funcionalismo\u201d, criticou.<\/p>\n<p>Na sua opini\u00e3o, o que o governo est\u00e1 fazendo \u00e9 confiscando os vencimentos de quem se sacrifica diuturnamente a servi\u00e7o do povo brasileiro.<\/p>\n<p>\u201cIsso \u00e9 inaceit\u00e1vel e por essa raz\u00e3o lutarei, juntamente com outros parlamentares da oposi\u00e7\u00e3o, para repelir essa injusti\u00e7a\u201c, garantiu \u00c2ngela Portela.<\/p>\n<p>Para a senadora, o governo de Temer age em conson\u00e2ncia com o mercado financeiro e contra o povo brasileiro.<\/p>\n<p>\u201cN\u00e3o h\u00e1 d\u00favidas de que, depois de atacar direitos consagrados, o governo Temer quer, agora, desmontar o servi\u00e7o p\u00fablico brasileiro, para facilitar a venda das estatais e a terceiriza\u00e7\u00e3o de servi\u00e7os essenciais do Estado brasileiro.<\/p>\n<!-- AddThis Advanced Settings generic via filter on the_content --><!-- AddThis Share Buttons generic via filter on the_content -->","protected":false},"excerpt":{"rendered":"<p>A senadora \u00c2ngela Portela (PDT-RR) afirmou, nessa quarta-feira (23), que as v\u00edtimas da crise pela qual atravessa o Pa\u00eds, mais uma vez, s\u00e3o o servidor p\u00fablico e o povo brasileiro. A parlamentar se refere \u00e0 proposta da equipe econ\u00f4mica do governo Temer que aumenta de 11% para 14% a contribui\u00e7\u00e3o previdenci\u00e1ria do servidor p\u00fablico, para&#8230;<!-- AddThis Advanced Settings generic via filter on wp_trim_excerpt --><!-- AddThis Share Buttons generic via filter on wp_trim_excerpt --><\/p>\n","protected":false},"author":17,"featured_media":54557,"comment_status":"closed","ping_status":"closed","sticky":false,"template":"","format":"standard","meta":{"_monsterinsights_skip_tracking":false,"_monsterinsights_sitenote_active":false,"_monsterinsights_sitenote_note":"","_monsterinsights_sitenote_category":0,"_uf_show_specific_survey":0,"_uf_disable_surveys":false,"footnotes":""},"categories":[1390],"tags":[2525,38,2526,2524],"class_list":["post-55007","post","type-post","status-publish","format-standard","has-post-thumbnail","hentry","category-editorias","tag-contribuicao-previdenciaria","tag-pdt","tag-rombo-orcamentario","tag-senadora-angela-portela"],"acf":[],"_links":{"self":[{"href":"https:\/\/pdt-rj.org.br\/index.php\/wp-json\/wp\/v2\/posts\/55007","targetHints":{"allow":["GET"]}}],"collection":[{"href":"https:\/\/pdt-rj.org.br\/index.php\/wp-json\/wp\/v2\/posts"}],"about":[{"href":"https:\/\/pdt-rj.org.br\/index.php\/wp-json\/wp\/v2\/types\/post"}],"author":[{"embeddable":true,"href":"https:\/\/pdt-rj.org.br\/index.php\/wp-json\/wp\/v2\/users\/17"}],"replies":[{"embeddable":true,"href":"https:\/\/pdt-rj.org.br\/index.php\/wp-json\/wp\/v2\/comments?post=55007"}],"version-history":[{"count":6,"href":"https:\/\/pdt-rj.org.br\/index.php\/wp-json\/wp\/v2\/posts\/55007\/revisions"}],"predecessor-version":[{"id":55016,"href":"https:\/\/pdt-rj.org.br\/index.php\/wp-json\/wp\/v2\/posts\/55007\/revisions\/55016"}],"wp:featuredmedia":[{"embeddable":true,"href":"https:\/\/pdt-rj.org.br\/index.php\/wp-json\/wp\/v2\/media\/54557"}],"wp:attachment":[{"href":"https:\/\/pdt-rj.org.br\/index.php\/wp-json\/wp\/v2\/media?parent=55007"}],"wp:term":[{"taxonomy":"category","embeddable":true,"href":"https:\/\/pdt-rj.org.br\/index.php\/wp-json\/wp\/v2\/categories?post=55007"},{"taxonomy":"post_tag","embeddable":true,"href":"https:\/\/pdt-rj.org.br\/index.php\/wp-json\/wp\/v2\/tags?post=55007"}],"curies":[{"name":"wp","href":"https:\/\/api.w.org\/{rel}","templated":true}]}}