{"id":54974,"date":"2017-08-24T21:27:36","date_gmt":"2017-08-25T00:27:36","guid":{"rendered":"http:\/\/pdt-rj.org.br\/?p=54974"},"modified":"2017-09-01T12:47:49","modified_gmt":"2017-09-01T15:47:49","slug":"andre-figueiredo-quer-proibir-a-gestantes-e-lactantes-de-trabalharem-em-locais-insalubres","status":"publish","type":"post","link":"https:\/\/pdt-rj.org.br\/index.php\/andre-figueiredo-quer-proibir-a-gestantes-e-lactantes-de-trabalharem-em-locais-insalubres\/","title":{"rendered":"Andr\u00e9 Figueiredo quer impedir que gestantes e lactantes trabalhem em locais insalubres"},"content":{"rendered":"<p>O deputado Andr\u00e9 Figueiredo (PDT-CE) apresentou Projeto de Lei (PL <a href=\"http:\/\/www.camara.gov.br\/proposicoesWeb\/fichadetramitacao?idProposicao=2148086\">8304\/17<\/a>), que impede mulheres gr\u00e1vidas ou em fase de amamenta\u00e7\u00e3o de trabalharem em locais que ofere\u00e7am riscos \u00e0 sa\u00fade. Em an\u00e1lise na C\u00e2mara, o projeto altera a Consolida\u00e7\u00e3o das Leis do Trabalho (CLT).<\/p>\n<p>De acordo com Andr\u00e9 Figueiredo, a recente reforma trabalhista \u00e9 um retrocesso e acabou com os direitos conquistados pelos trabalhadores, sob a alega\u00e7\u00e3o da moderniza\u00e7\u00e3o das rela\u00e7\u00f5es do trabalho.<\/p>\n<p>\u201c\u00c9 inquestion\u00e1vel que o trabalhador \u00e9 aquele que est\u00e1 na condi\u00e7\u00e3o de depend\u00eancia e \u00e9 mais vulner\u00e1vel, porque se ele precisa de emprego vai aceitar qualquer possibilidade\u201d, argumenta.<\/p>\n<p>O parlamentar alega que a reforma amplia a desigualdade social, onde os mais atingidos s\u00e3o as mulheres, os jovens, os pobres e os negros, vis\u00e3o defendida tamb\u00e9m por especialistas. Segundo ele, um dos termos pol\u00eamicos da reforma diz respeito \u00e0 revoga\u00e7\u00e3o da lei que proibia gestantes e lactantes de trabalharem em atividades ou locais insalubres, sendo afastada durante o per\u00edodo de gesta\u00e7\u00e3o ou de amamenta\u00e7\u00e3o.<\/p>\n<p>Andr\u00e9 Figueiredo ainda ressalta que a revoga\u00e7\u00e3o libera o trabalho em ambientes como minas, pedreiras, esta\u00e7\u00f5es de tratamento de esgoto, frigor\u00edficos, ambientes sujeitos \u00e0 radia\u00e7\u00e3o qu\u00edmica, descargas el\u00e9tricas, excesso de ru\u00eddos, umidade, mofo e gases qu\u00edmicos, se o atestado m\u00e9dico assim autorizar.<\/p>\n<p>\u201c\u00c9 uma verdadeira perversidade permitirem que gr\u00e1vidas e lactantes trabalhem em locais que representem risco \u00e0 vida. \u00c9 um retrocesso e uma desumanidade\u201d, diz.<\/p>\n<!-- AddThis Advanced Settings generic via filter on the_content --><!-- AddThis Share Buttons generic via filter on the_content -->","protected":false},"excerpt":{"rendered":"<p>O deputado Andr\u00e9 Figueiredo (PDT-CE) apresentou Projeto de Lei (PL 8304\/17), que impede mulheres gr\u00e1vidas ou em fase de amamenta\u00e7\u00e3o de trabalharem em locais que ofere\u00e7am riscos \u00e0 sa\u00fade. Em an\u00e1lise na C\u00e2mara, o projeto altera a Consolida\u00e7\u00e3o das Leis do Trabalho (CLT). De acordo com Andr\u00e9 Figueiredo, a recente reforma trabalhista \u00e9 um retrocesso&#8230;<!-- AddThis Advanced Settings generic via filter on wp_trim_excerpt --><!-- AddThis Share Buttons generic via filter on wp_trim_excerpt --><\/p>\n","protected":false},"author":17,"featured_media":53063,"comment_status":"closed","ping_status":"closed","sticky":false,"template":"","format":"standard","meta":{"_monsterinsights_skip_tracking":false,"_monsterinsights_sitenote_active":false,"_monsterinsights_sitenote_note":"","_monsterinsights_sitenote_category":0,"_uf_show_specific_survey":0,"_uf_disable_surveys":false,"footnotes":""},"categories":[1390,1459],"tags":[34,224,2527,38,1578],"class_list":["post-54974","post","type-post","status-publish","format-standard","has-post-thumbnail","hentry","category-editorias","category-congresso","tag-andre-figueiredo","tag-clt","tag-desigualdade-social","tag-pdt","tag-reforma-trabalhista"],"acf":[],"_links":{"self":[{"href":"https:\/\/pdt-rj.org.br\/index.php\/wp-json\/wp\/v2\/posts\/54974","targetHints":{"allow":["GET"]}}],"collection":[{"href":"https:\/\/pdt-rj.org.br\/index.php\/wp-json\/wp\/v2\/posts"}],"about":[{"href":"https:\/\/pdt-rj.org.br\/index.php\/wp-json\/wp\/v2\/types\/post"}],"author":[{"embeddable":true,"href":"https:\/\/pdt-rj.org.br\/index.php\/wp-json\/wp\/v2\/users\/17"}],"replies":[{"embeddable":true,"href":"https:\/\/pdt-rj.org.br\/index.php\/wp-json\/wp\/v2\/comments?post=54974"}],"version-history":[{"count":6,"href":"https:\/\/pdt-rj.org.br\/index.php\/wp-json\/wp\/v2\/posts\/54974\/revisions"}],"predecessor-version":[{"id":55116,"href":"https:\/\/pdt-rj.org.br\/index.php\/wp-json\/wp\/v2\/posts\/54974\/revisions\/55116"}],"wp:featuredmedia":[{"embeddable":true,"href":"https:\/\/pdt-rj.org.br\/index.php\/wp-json\/wp\/v2\/media\/53063"}],"wp:attachment":[{"href":"https:\/\/pdt-rj.org.br\/index.php\/wp-json\/wp\/v2\/media?parent=54974"}],"wp:term":[{"taxonomy":"category","embeddable":true,"href":"https:\/\/pdt-rj.org.br\/index.php\/wp-json\/wp\/v2\/categories?post=54974"},{"taxonomy":"post_tag","embeddable":true,"href":"https:\/\/pdt-rj.org.br\/index.php\/wp-json\/wp\/v2\/tags?post=54974"}],"curies":[{"name":"wp","href":"https:\/\/api.w.org\/{rel}","templated":true}]}}