{"id":54960,"date":"2017-07-23T11:15:31","date_gmt":"2017-07-23T14:15:31","guid":{"rendered":"http:\/\/pdt-rj.org.br\/?p=54960"},"modified":"2017-08-24T17:22:14","modified_gmt":"2017-08-24T20:22:14","slug":"os-novos-exercitos","status":"publish","type":"post","link":"https:\/\/pdt-rj.org.br\/index.php\/os-novos-exercitos\/","title":{"rendered":"Os novos ex\u00e9rcitos"},"content":{"rendered":"<p>Se quis\u00e9ssemos caracterizar estes \u00faltimos dec\u00eanios da hist\u00f3ria humana, sem d\u00favida, dever\u00edamos cham\u00e1-los de idade da m\u00eddia, dos meios de comunica\u00e7\u00e3o \u2013 a propaganda, os jornais, as revistas, as ag\u00eancias e os sistemas de r\u00e1dio e televis\u00e3o. Nestes tempos, vem sendo a mais poderosa arma de domina\u00e7\u00e3o dos povos, isto \u00e9: a servid\u00e3o consentida, atrav\u00e9s da mente humana. T\u00e3o poderosa que foi capaz de vencer e desintegrar um gigante como a Uni\u00e3o Sovi\u00e9tica.<\/p>\n<p>As m\u00e1quinas de comunica\u00e7\u00e3o, que conquistam e imp\u00f5em sistemas de domina\u00e7\u00e3o e explora\u00e7\u00e3o das na\u00e7\u00f5es ricas sobre as pobres, s\u00e3o os ex\u00e9rcitos e as armadas destes tempos. T\u00eam o poder de criar um ambiente no qual o falso parece verdadeiro.<\/p>\n<p>Por exemplo: o neoliberalismo \u2013 que n\u00e3o passa do velho conservadorismo com nova roupagem \u2013 \u00e9 uma doutrina que vem das na\u00e7\u00f5es poderosas. \u00c9 o que conv\u00e9m \u00e0queles pa\u00edses: que as raposas (no caso, elas pr\u00f3prias) passem a ter toda liberdade dentro do galinheiro.<\/p>\n<p>Outro exemplo \u00e9 o dessas chamadas privatiza\u00e7\u00f5es, que o futuro ir\u00e1 demonstrar que foi uma \u00e9poca de oligarquias impatri\u00f3ticas, que promoveram a malversa\u00e7\u00e3o e o enriquecimento il\u00edcito, em preju\u00edzo do patrim\u00f4nio p\u00fablico. Tudo sob a mistifica\u00e7\u00e3o de que privatizar seria a grande solu\u00e7\u00e3o salvadora para n\u00f3s, pa\u00edses pobres.<\/p>\n<p>A verdade, entretanto, nunca morre dentro do ser humano, cuja vida, mesmo sob o mais impenetr\u00e1vel dos obscurantismos, \u00e9 uma busca permanente e at\u00e9 compulsiva deste valor supremo de nossa exist\u00eancia. \u00c9 uma quest\u00e3o de mais ou menos tempo.<\/p>\n<p>A verdade acaba por prevalecer, mesmo quando um avassalador monop\u00f3lio de comunica\u00e7\u00e3o mant\u00e9m toda uma Na\u00e7\u00e3o nas trevas.<\/p>\n<!-- AddThis Advanced Settings generic via filter on the_content --><!-- AddThis Share Buttons generic via filter on the_content -->","protected":false},"excerpt":{"rendered":"<p>Se quis\u00e9ssemos caracterizar estes \u00faltimos dec\u00eanios da hist\u00f3ria humana, sem d\u00favida, dever\u00edamos cham\u00e1-los de idade da m\u00eddia, dos meios de comunica\u00e7\u00e3o \u2013 a propaganda, os jornais, as revistas, as ag\u00eancias e os sistemas de r\u00e1dio e televis\u00e3o. Nestes tempos, vem sendo a mais poderosa arma de domina\u00e7\u00e3o dos povos, isto \u00e9: a servid\u00e3o consentida, atrav\u00e9s&#8230;<!-- AddThis Advanced Settings generic via filter on wp_trim_excerpt --><!-- AddThis Share Buttons generic via filter on wp_trim_excerpt --><\/p>\n","protected":false},"author":17,"featured_media":0,"comment_status":"closed","ping_status":"closed","sticky":false,"template":"","format":"standard","meta":{"_monsterinsights_skip_tracking":false,"_monsterinsights_sitenote_active":false,"_monsterinsights_sitenote_note":"","_monsterinsights_sitenote_category":0,"_uf_show_specific_survey":0,"_uf_disable_surveys":false,"footnotes":""},"categories":[1584],"tags":[],"class_list":["post-54960","post","type-post","status-publish","format-standard","hentry","category-artigos"],"acf":[],"_links":{"self":[{"href":"https:\/\/pdt-rj.org.br\/index.php\/wp-json\/wp\/v2\/posts\/54960","targetHints":{"allow":["GET"]}}],"collection":[{"href":"https:\/\/pdt-rj.org.br\/index.php\/wp-json\/wp\/v2\/posts"}],"about":[{"href":"https:\/\/pdt-rj.org.br\/index.php\/wp-json\/wp\/v2\/types\/post"}],"author":[{"embeddable":true,"href":"https:\/\/pdt-rj.org.br\/index.php\/wp-json\/wp\/v2\/users\/17"}],"replies":[{"embeddable":true,"href":"https:\/\/pdt-rj.org.br\/index.php\/wp-json\/wp\/v2\/comments?post=54960"}],"version-history":[{"count":2,"href":"https:\/\/pdt-rj.org.br\/index.php\/wp-json\/wp\/v2\/posts\/54960\/revisions"}],"predecessor-version":[{"id":55011,"href":"https:\/\/pdt-rj.org.br\/index.php\/wp-json\/wp\/v2\/posts\/54960\/revisions\/55011"}],"wp:attachment":[{"href":"https:\/\/pdt-rj.org.br\/index.php\/wp-json\/wp\/v2\/media?parent=54960"}],"wp:term":[{"taxonomy":"category","embeddable":true,"href":"https:\/\/pdt-rj.org.br\/index.php\/wp-json\/wp\/v2\/categories?post=54960"},{"taxonomy":"post_tag","embeddable":true,"href":"https:\/\/pdt-rj.org.br\/index.php\/wp-json\/wp\/v2\/tags?post=54960"}],"curies":[{"name":"wp","href":"https:\/\/api.w.org\/{rel}","templated":true}]}}