{"id":54954,"date":"2017-08-23T18:19:51","date_gmt":"2017-08-23T21:19:51","guid":{"rendered":"http:\/\/pdt-rj.org.br\/?p=54954"},"modified":"2017-08-23T19:27:09","modified_gmt":"2017-08-23T22:27:09","slug":"pdt-fortalece-movimento-indigena-com-filiacao-do-cacique-alvaro-sampaio","status":"publish","type":"post","link":"https:\/\/pdt-rj.org.br\/index.php\/pdt-fortalece-movimento-indigena-com-filiacao-do-cacique-alvaro-sampaio\/","title":{"rendered":"PDT fortalece Movimento Ind\u00edgena com filia\u00e7\u00e3o do cacique \u00c1lvaro Sampaio"},"content":{"rendered":"<p>\u201cVamos dar prosseguimento ao legado de M\u00e1rio Juruna, Leonel Brizola e Darcy Ribeiro\u201d, afirmou o cacique \u00c1lvaro Sampaio ao se filiar ao PDT nessa ter\u00e7a-feira (22), na sede nacional do partido, em Bras\u00edlia. Recebida pelo presidente nacional do Movimento Ind\u00edgena, Rafael Weree, a lideran\u00e7a da etnia Tukano, que \u00e9 origin\u00e1ria do Amazonas, na regi\u00e3o de fronteira com Col\u00f4mbia e Venezuela, ratificou a import\u00e2ncia da participa\u00e7\u00e3o dos \u00edndios na pol\u00edtica para garantir direitos hist\u00f3ricos. \u201cFui motivado por eles para estar nesse partido\u201d, indicou.<\/p>\n<p>Sobre o cen\u00e1rio nacional, o cacique ponderou que a forma\u00e7\u00e3o de quadros \u00e9 um passo fundamental para o fortalecimento da causa.<\/p>\n<p>\u201cEu preciso dizer, claramente, ao Brasil, que precisamos renovar a for\u00e7a pol\u00edtica com candidatos do povo. Buscar liberdade, defender os povos ind\u00edgenas, e outras minorias, que n\u00e3o tem tido muito espa\u00e7o no Congresso Nacional\u201d, disse \u00c1lvaro, que estava acompanhado dos militantes Regina Bessa e Serebhi Lula.<\/p>\n<p>Ao abonar a ficha de filia\u00e7\u00e3o, Rafael Weree exaltou o fortalecimento das a\u00e7\u00f5es pedetistas em todos os estados. \u201cRecebemos, com muito orgulho, a nossa lideran\u00e7a de luta aqui. \u00c1lvaro Tukano chega para somar na luta\u201d, garantiu. \u201cAgora, com o trabalho que estamos desenvolvendo, a partir da estrutura\u00e7\u00e3o do movimento, vamos combater os ataques vindos do governo Michel Temer\u201d, concluiu.<\/p>\n<!-- AddThis Advanced Settings generic via filter on the_content --><!-- AddThis Share Buttons generic via filter on the_content -->","protected":false},"excerpt":{"rendered":"<p>\u201cVamos dar prosseguimento ao legado de M\u00e1rio Juruna, Leonel Brizola e Darcy Ribeiro\u201d, afirmou o cacique \u00c1lvaro Sampaio ao se filiar ao PDT nessa ter\u00e7a-feira (22), na sede nacional do partido, em Bras\u00edlia. Recebida pelo presidente nacional do Movimento Ind\u00edgena, Rafael Weree, a lideran\u00e7a da etnia Tukano, que \u00e9 origin\u00e1ria do Amazonas, na regi\u00e3o de&#8230;<!-- AddThis Advanced Settings generic via filter on wp_trim_excerpt --><!-- AddThis Share Buttons generic via filter on wp_trim_excerpt --><\/p>\n","protected":false},"author":17,"featured_media":54955,"comment_status":"closed","ping_status":"closed","sticky":false,"template":"","format":"standard","meta":{"_monsterinsights_skip_tracking":false,"_monsterinsights_sitenote_active":false,"_monsterinsights_sitenote_note":"","_monsterinsights_sitenote_category":0,"_uf_show_specific_survey":0,"_uf_disable_surveys":false,"footnotes":""},"categories":[1390,2257,1397],"tags":[2517,277,565,1533,38,2147,2518],"class_list":["post-54954","post","type-post","status-publish","format-standard","has-post-thumbnail","hentry","category-editorias","category-indigena","category-movimentos","tag-cacique-alvaro-sampaio","tag-darcy-ribeiro","tag-leonel-brizola","tag-mario-juruna","tag-pdt","tag-rafael-weree","tag-tukano"],"acf":[],"_links":{"self":[{"href":"https:\/\/pdt-rj.org.br\/index.php\/wp-json\/wp\/v2\/posts\/54954","targetHints":{"allow":["GET"]}}],"collection":[{"href":"https:\/\/pdt-rj.org.br\/index.php\/wp-json\/wp\/v2\/posts"}],"about":[{"href":"https:\/\/pdt-rj.org.br\/index.php\/wp-json\/wp\/v2\/types\/post"}],"author":[{"embeddable":true,"href":"https:\/\/pdt-rj.org.br\/index.php\/wp-json\/wp\/v2\/users\/17"}],"replies":[{"embeddable":true,"href":"https:\/\/pdt-rj.org.br\/index.php\/wp-json\/wp\/v2\/comments?post=54954"}],"version-history":[{"count":2,"href":"https:\/\/pdt-rj.org.br\/index.php\/wp-json\/wp\/v2\/posts\/54954\/revisions"}],"predecessor-version":[{"id":54957,"href":"https:\/\/pdt-rj.org.br\/index.php\/wp-json\/wp\/v2\/posts\/54954\/revisions\/54957"}],"wp:featuredmedia":[{"embeddable":true,"href":"https:\/\/pdt-rj.org.br\/index.php\/wp-json\/wp\/v2\/media\/54955"}],"wp:attachment":[{"href":"https:\/\/pdt-rj.org.br\/index.php\/wp-json\/wp\/v2\/media?parent=54954"}],"wp:term":[{"taxonomy":"category","embeddable":true,"href":"https:\/\/pdt-rj.org.br\/index.php\/wp-json\/wp\/v2\/categories?post=54954"},{"taxonomy":"post_tag","embeddable":true,"href":"https:\/\/pdt-rj.org.br\/index.php\/wp-json\/wp\/v2\/tags?post=54954"}],"curies":[{"name":"wp","href":"https:\/\/api.w.org\/{rel}","templated":true}]}}