{"id":54897,"date":"2017-08-16T19:16:58","date_gmt":"2017-08-16T22:16:58","guid":{"rendered":"http:\/\/pdt-rj.org.br\/?p=54897"},"modified":"2017-08-24T01:37:16","modified_gmt":"2017-08-24T04:37:16","slug":"para-angela-portela-vetos-de-temer-a-ldo-e-mais-um-ataque-a-educacao","status":"publish","type":"post","link":"https:\/\/pdt-rj.org.br\/index.php\/para-angela-portela-vetos-de-temer-a-ldo-e-mais-um-ataque-a-educacao\/","title":{"rendered":"Para \u00c2ngela Portela, vetos de Temer \u00e0 LDO \u00e9 mais um ataque \u00e0 educa\u00e7\u00e3o"},"content":{"rendered":"<p>A senadora \u00c2ngela Portela (PDT-RR) afirmou nesta segunda-feira (14), na Tribuna do Senado, que os vetos do presidente Michel Temer \u00e0 Lei de Diretrizes Or\u00e7ament\u00e1rias (LDO) de 2018 \u00e9 mais um ataque inaceit\u00e1vel ao Plano Nacional de Educa\u00e7\u00e3o (PNE), que ela define como &#8220;fruto de um processo de discuss\u00e3o, que sintetiza o pensamento das for\u00e7as pol\u00edticas da sociedade brasileira&#8221;.<\/p>\n<p>A senadora se refere aos vetos feitos \u00e0s prioridades do PNE, no cumprimento das metas no \u00e2mbito da LDO, de 2018, porque atingem a aloca\u00e7\u00e3o de recursos para a implanta\u00e7\u00e3o do Custo Aluno Qualidade Inicial (CAQi), que faz parte do PNE.<\/p>\n<p>\u201cA pretexto de ajustar a economia do pa\u00eds, o governo Temer ataca, fortemente, a mais importante lei da educa\u00e7\u00e3o brasileira\u201d, criticou a parlamentar, que questionou: \u201cPorque vetar uma estrat\u00e9gia que garante fontes de financiamentos permanentes e sustent\u00e1veis para todos os n\u00edveis, etapas e modalidades da educa\u00e7\u00e3o b\u00e1sica?\u201d.<\/p>\n<p>Os vetos presidenciais atingem a meta 20, do PNE, que estabelece a amplia\u00e7\u00e3o de investimento de 7% \u00a0a 10% \u00a0do Produto Interno Bruto (PIB), em educa\u00e7\u00e3o p\u00fablica, at\u00e9 o final do dec\u00eanio (2014\/2024).<\/p>\n<p><strong>PEC dos 10% do PIB<\/strong><\/p>\n<p>A senadora lembrou, ainda, a Proposta de Emenda \u00e0 Constitui\u00e7\u00e3o (PEC), de sua autoria, apresentada ao Senado em 2011, que destina 10% do PIB \u00e0 educa\u00e7\u00e3o.<\/p>\n<p>\u201cA PEC que apresentei, passou a ser considerada patamar irrecus\u00e1vel, embora desafiador, a constar da pauta pol\u00edtica e administrativa do pa\u00eds; tanto que, foi prontamente inclu\u00edda no PNE\u201d, destacou.<\/p>\n<p>No PNE, a estrat\u00e9gia 20.6, integrante da meta 20, estabelece os prazos para a implanta\u00e7\u00e3o do Custo Aluno Qualidade (CAQ), bem como o c\u00e1lculo para o financiamento, baseado em insumos indispens\u00e1veis ao processo de ensino-aprendizagem, sendo reajustado, progressivamente, at\u00e9 a implementa\u00e7\u00e3o plena do CAQ. Segundo a senadora, os vetos revelam um retrocesso sem precedentes na hist\u00f3ria da educa\u00e7\u00e3o do pa\u00eds, pois, atingir\u00e1 milh\u00f5es de pessoas, da educa\u00e7\u00e3o infantil \u00e0 p\u00f3s-gradua\u00e7\u00e3o, concluiu.<\/p>\n<!-- AddThis Advanced Settings generic via filter on the_content --><!-- AddThis Share Buttons generic via filter on the_content -->","protected":false},"excerpt":{"rendered":"<p>A senadora \u00c2ngela Portela (PDT-RR) afirmou nesta segunda-feira (14), na Tribuna do Senado, que os vetos do presidente Michel Temer \u00e0 Lei de Diretrizes Or\u00e7ament\u00e1rias (LDO) de 2018 \u00e9 mais um ataque inaceit\u00e1vel ao Plano Nacional de Educa\u00e7\u00e3o (PNE), que ela define como &#8220;fruto de um processo de discuss\u00e3o, que sintetiza o pensamento das for\u00e7as&#8230;<!-- AddThis Advanced Settings generic via filter on wp_trim_excerpt --><!-- AddThis Share Buttons generic via filter on wp_trim_excerpt --><\/p>\n","protected":false},"author":17,"featured_media":54898,"comment_status":"closed","ping_status":"closed","sticky":false,"template":"","format":"standard","meta":{"_monsterinsights_skip_tracking":false,"_monsterinsights_sitenote_active":false,"_monsterinsights_sitenote_note":"","_monsterinsights_sitenote_category":0,"_uf_show_specific_survey":0,"_uf_disable_surveys":false,"footnotes":""},"categories":[1390,1459],"tags":[2155,2505,2504,2506,544,553,38,1052,1053],"class_list":["post-54897","post","type-post","status-publish","format-standard","has-post-thumbnail","hentry","category-editorias","category-congresso","tag-angela-portela","tag-caq","tag-custo-aluno-qualidade","tag-ensino-aprendizagem","tag-ldo","tag-lei-de-diretrizes-orcamentarias","tag-pdt","tag-plano-nacional-de-educacao","tag-pne"],"acf":[],"_links":{"self":[{"href":"https:\/\/pdt-rj.org.br\/index.php\/wp-json\/wp\/v2\/posts\/54897","targetHints":{"allow":["GET"]}}],"collection":[{"href":"https:\/\/pdt-rj.org.br\/index.php\/wp-json\/wp\/v2\/posts"}],"about":[{"href":"https:\/\/pdt-rj.org.br\/index.php\/wp-json\/wp\/v2\/types\/post"}],"author":[{"embeddable":true,"href":"https:\/\/pdt-rj.org.br\/index.php\/wp-json\/wp\/v2\/users\/17"}],"replies":[{"embeddable":true,"href":"https:\/\/pdt-rj.org.br\/index.php\/wp-json\/wp\/v2\/comments?post=54897"}],"version-history":[{"count":2,"href":"https:\/\/pdt-rj.org.br\/index.php\/wp-json\/wp\/v2\/posts\/54897\/revisions"}],"predecessor-version":[{"id":55002,"href":"https:\/\/pdt-rj.org.br\/index.php\/wp-json\/wp\/v2\/posts\/54897\/revisions\/55002"}],"wp:featuredmedia":[{"embeddable":true,"href":"https:\/\/pdt-rj.org.br\/index.php\/wp-json\/wp\/v2\/media\/54898"}],"wp:attachment":[{"href":"https:\/\/pdt-rj.org.br\/index.php\/wp-json\/wp\/v2\/media?parent=54897"}],"wp:term":[{"taxonomy":"category","embeddable":true,"href":"https:\/\/pdt-rj.org.br\/index.php\/wp-json\/wp\/v2\/categories?post=54897"},{"taxonomy":"post_tag","embeddable":true,"href":"https:\/\/pdt-rj.org.br\/index.php\/wp-json\/wp\/v2\/tags?post=54897"}],"curies":[{"name":"wp","href":"https:\/\/api.w.org\/{rel}","templated":true}]}}