{"id":54870,"date":"2017-08-14T09:29:22","date_gmt":"2017-08-14T12:29:22","guid":{"rendered":"http:\/\/pdt-rj.org.br\/?p=54870"},"modified":"2017-08-24T01:39:48","modified_gmt":"2017-08-24T04:39:48","slug":"lupi-exalta-nome-de-andre-figueiredo-pdt-ce-para-o-senado","status":"publish","type":"post","link":"https:\/\/pdt-rj.org.br\/index.php\/lupi-exalta-nome-de-andre-figueiredo-pdt-ce-para-o-senado\/","title":{"rendered":"Lupi exalta nome de Andr\u00e9 Figueiredo (PDT-CE) para o Senado"},"content":{"rendered":"<p>Neste s\u00e1bado, mais de duas mil pessoas se reuniram em S\u00e3o Gon\u00e7alo do Amarante para debater um projeto para transformar o Brasil.<\/p>\n<p>Sexto dos oito encontros realizados pelo PDT do Cear\u00e1, essa edi\u00e7\u00e3o contou com a presen\u00e7a do presidente nacional da sigla, Carlos Lupi, do presidente estadual da sigla e deputado federal, Andr\u00e9 Figueiredo, do pr\u00e9-candidato \u00e0 Presid\u00eancia da Rep\u00fablica pelo PDT, Ciro Gomes, do ex-governador Cid Gomes, do presidente da Assembleia Legislativa Estadual, Zezinho Albuquerque, do prefeito anfitri\u00e3o Cl\u00e1udio Pinho, al\u00e9m de lideran\u00e7as partid\u00e1rias hist\u00f3ricas, deputados federais, estaduais, secret\u00e1rios, prefeitos e vereadores, e milit\u00e2ncia. Os movimentos sociais pedetistas tamb\u00e9m marcaram presen\u00e7a.<\/p>\n<p>Lupi afirmou que o Cear\u00e1 tem tudo \u00a0para o Brasil avan\u00e7ar. \u201cO Cear\u00e1 \u00e9 exemplo de educa\u00e7\u00e3o para o Brasil. A minha f\u00f3rmula \u00e9 Ciro presidente, Camilo governador e Cid e Andr\u00e9 senadores! Um projeto do Cear\u00e1 para o Brasil!\u201d.<\/p>\n<p>O deputado Andr\u00e9 Figueiredo exaltou os ideais do partido e o projeto pol\u00edtico nacional que toma cada vez mais corpo.<\/p>\n<p>&#8220;S\u00e3o as experi\u00eancias exitosas de gest\u00e3o como de S\u00e3o Gon\u00e7alo do Amarante que nos d\u00e3o for\u00e7a para construirmos esse projeto para mudar o Brasil. E \u00e9 com muito trabalho, experi\u00eancia comprovada, compet\u00eancia e coragem, como do nosso companheiro Ciro, que vamos realizar essa mudan\u00e7a que os brasileiros tanto precisam\u201d.<\/p>\n<p>Ciro Gomes fez uma an\u00e1lise do cen\u00e1rio pol\u00edtico nacional e estadual, defendendo pol\u00edticas p\u00fablicas que garantam mais oportunidades para o povo.<\/p>\n<p>\u201cN\u00f3s pensamos diariamente na situa\u00e7\u00e3o de desemprego que vive a sociedade brasileira. Se por um lado temos a falta de oportunidades, por outro vivemos essa sujeira da pol\u00edtica nacional. Eu gostaria muito de votar no nosso l\u00edder estadual Andr\u00e9 Figueiredo para senador. N\u00f3s reunimos os valores necess\u00e1rios para mudar o Brasil. A solu\u00e7\u00e3o passa pela luta\u201d.<\/p>\n<p>Carlos Lupi endossou a aposta do Cear\u00e1 para o Brasil avan\u00e7ar. \u201cO Cear\u00e1 \u00e9 exemplo de educa\u00e7\u00e3o para o Brasil. A minha f\u00f3rmula \u00e9 Ciro presidente, Camilo governador e Cid e Andr\u00e9 senadores! Um projeto do Cear\u00e1 para o Brasil!\u201d.<\/p>\n<!-- AddThis Advanced Settings generic via filter on the_content --><!-- AddThis Share Buttons generic via filter on the_content -->","protected":false},"excerpt":{"rendered":"<p>Neste s\u00e1bado, mais de duas mil pessoas se reuniram em S\u00e3o Gon\u00e7alo do Amarante para debater um projeto para transformar o Brasil. Sexto dos oito encontros realizados pelo PDT do Cear\u00e1, essa edi\u00e7\u00e3o contou com a presen\u00e7a do presidente nacional da sigla, Carlos Lupi, do presidente estadual da sigla e deputado federal, Andr\u00e9 Figueiredo, do&#8230;<!-- AddThis Advanced Settings generic via filter on wp_trim_excerpt --><!-- AddThis Share Buttons generic via filter on wp_trim_excerpt --><\/p>\n","protected":false},"author":17,"featured_media":54871,"comment_status":"closed","ping_status":"closed","sticky":false,"template":"","format":"standard","meta":{"_monsterinsights_skip_tracking":false,"_monsterinsights_sitenote_active":false,"_monsterinsights_sitenote_note":"","_monsterinsights_sitenote_category":0,"_uf_show_specific_survey":0,"_uf_disable_surveys":false,"footnotes":""},"categories":[1390,1459,1397,1401],"tags":[34,196,220,1058,1018],"class_list":["post-54870","post","type-post","status-publish","format-standard","has-post-thumbnail","hentry","category-editorias","category-congresso","category-movimentos","category-nacional","tag-andre-figueiredo","tag-carlos-lupi","tag-ciro-gomes","tag-claudio-pinho","tag-zezinho-albuquerque"],"acf":[],"_links":{"self":[{"href":"https:\/\/pdt-rj.org.br\/index.php\/wp-json\/wp\/v2\/posts\/54870","targetHints":{"allow":["GET"]}}],"collection":[{"href":"https:\/\/pdt-rj.org.br\/index.php\/wp-json\/wp\/v2\/posts"}],"about":[{"href":"https:\/\/pdt-rj.org.br\/index.php\/wp-json\/wp\/v2\/types\/post"}],"author":[{"embeddable":true,"href":"https:\/\/pdt-rj.org.br\/index.php\/wp-json\/wp\/v2\/users\/17"}],"replies":[{"embeddable":true,"href":"https:\/\/pdt-rj.org.br\/index.php\/wp-json\/wp\/v2\/comments?post=54870"}],"version-history":[{"count":7,"href":"https:\/\/pdt-rj.org.br\/index.php\/wp-json\/wp\/v2\/posts\/54870\/revisions"}],"predecessor-version":[{"id":55004,"href":"https:\/\/pdt-rj.org.br\/index.php\/wp-json\/wp\/v2\/posts\/54870\/revisions\/55004"}],"wp:featuredmedia":[{"embeddable":true,"href":"https:\/\/pdt-rj.org.br\/index.php\/wp-json\/wp\/v2\/media\/54871"}],"wp:attachment":[{"href":"https:\/\/pdt-rj.org.br\/index.php\/wp-json\/wp\/v2\/media?parent=54870"}],"wp:term":[{"taxonomy":"category","embeddable":true,"href":"https:\/\/pdt-rj.org.br\/index.php\/wp-json\/wp\/v2\/categories?post=54870"},{"taxonomy":"post_tag","embeddable":true,"href":"https:\/\/pdt-rj.org.br\/index.php\/wp-json\/wp\/v2\/tags?post=54870"}],"curies":[{"name":"wp","href":"https:\/\/api.w.org\/{rel}","templated":true}]}}