{"id":54850,"date":"2017-08-12T02:25:09","date_gmt":"2017-08-12T05:25:09","guid":{"rendered":"http:\/\/pdt-rj.org.br\/?p=54850"},"modified":"2017-08-22T15:59:56","modified_gmt":"2017-08-22T18:59:56","slug":"amt-e-representantes-femininas-de-outros-partidos-se-unem-pela-aprovacao-da-pec-134","status":"publish","type":"post","link":"https:\/\/pdt-rj.org.br\/index.php\/amt-e-representantes-femininas-de-outros-partidos-se-unem-pela-aprovacao-da-pec-134\/","title":{"rendered":"AMT e representantes femininas de outros partidos se unem pela aprova\u00e7\u00e3o da PEC 134"},"content":{"rendered":"<p>A A\u00e7\u00e3o da Mulher Trabalhista (AMT), juntamente com as presidentes e coordenadoras femininas de v\u00e1rios partidos, se reuniram com a bancada feminina da C\u00e2mara dos Deputados para falar sobre a Proposta de Emenda \u00e0 Constitui\u00e7\u00e3o (PCE 134\/2015) que reserva uma cota de vagas para as mulheres na C\u00e2mara dos Deputados, assembleias legislativas e c\u00e2maras municipais: pelo menos 10% na primeira elei\u00e7\u00e3o depois da aprova\u00e7\u00e3o da PEC, 12% na segunda e 16% na terceira.<\/p>\n<p>De origem no Senado, a proposta est\u00e1 pronta para vota\u00e7\u00e3o em Plen\u00e1rio, desde 2016, mas estava parada por conta das discuss\u00f5es em torno da Reforma Pol\u00edtica.<\/p>\n<p>Para Miguelina Vecchio, presidente nacional da AMT e vice-presidente nacional do PDT, \u00e9 preciso construir uma legisla\u00e7\u00e3o positiva para garantir \u00e0s mulheres de todo o Brasil uma real possibilidade de participar de forma efetiva do processo pol\u00edtico nacional.<\/p>\n<p>\u201cEm uma sociedade na qual as mulheres foram exclu\u00eddas dos processos de poder, com um Congresso fundamentalista como esse, ou constru\u00edmos uma legisla\u00e7\u00e3o positiva, mesmo que transit\u00f3ria, ou as mulheres ser\u00e3o sub-representadas mesmo, por um longo tempo\u201d, destaca.<\/p>\n<p>J\u00e1 Maria Tereza Cunha, presidente da AMT do Paran\u00e1, chama a aten\u00e7\u00e3o de todos os deputados federais para acelerar a vota\u00e7\u00e3o desse projeto t\u00e3o importante.<\/p>\n<p>\u201cEste \u00e9 um momento de Crucial import\u00e2ncia para as mulheres brasileiras na pol\u00edtica, vamos trabalhar para conseguir estabelecer esses 10%, temos que pressionar todos os deputados federais, inclusive dos demais partidos, aos quais tenhamos acesso\u201d.<\/p>\n<p><strong>Apoio do nacional<\/strong><\/p>\n<p>Em v\u00eddeo, o presidente nacional do PDT, Carlos Lupi, destacou que o partido sempre esteve na vanguarda na luta pela garantia dos direitos das mulheres e, por isso, manifesta total apoio \u00e0 PCE 134, fazendo um apelo que para que toda a sua bancada na C\u00e2mara Federal e os parlamentares de outros partidos votem a favor da emenda.<\/p>\n<p>&#8220;\u00c9 o come\u00e7o de uma longa caminhada, at\u00e9 as mulheres serem maioria no parlamento Brasileiro&#8221;, destacou Lupi.<\/p>\n<p>Confira a fala do presidente:<\/p>\n<p><iframe loading=\"lazy\" title=\"Carlo Lupi - O PDT \u00e9 a favor da PEC 134\" width=\"640\" height=\"360\" src=\"https:\/\/www.youtube.com\/embed\/rLqafuI8ouY?feature=oembed\" frameborder=\"0\" allow=\"accelerometer; autoplay; clipboard-write; encrypted-media; gyroscope; picture-in-picture; web-share\" referrerpolicy=\"strict-origin-when-cross-origin\" allowfullscreen><\/iframe><\/p>\n<!-- AddThis Advanced Settings generic via filter on the_content --><!-- AddThis Share Buttons generic via filter on the_content -->","protected":false},"excerpt":{"rendered":"<p>A A\u00e7\u00e3o da Mulher Trabalhista (AMT), juntamente com as presidentes e coordenadoras femininas de v\u00e1rios partidos, se reuniram com a bancada feminina da C\u00e2mara dos Deputados para falar sobre a Proposta de Emenda \u00e0 Constitui\u00e7\u00e3o (PCE 134\/2015) que reserva uma cota de vagas para as mulheres na C\u00e2mara dos Deputados, assembleias legislativas e c\u00e2maras municipais:&#8230;<!-- AddThis Advanced Settings generic via filter on wp_trim_excerpt --><!-- AddThis Share Buttons generic via filter on wp_trim_excerpt --><\/p>\n","protected":false},"author":17,"featured_media":54851,"comment_status":"closed","ping_status":"closed","sticky":false,"template":"","format":"standard","meta":{"_monsterinsights_skip_tracking":false,"_monsterinsights_sitenote_active":false,"_monsterinsights_sitenote_note":"","_monsterinsights_sitenote_category":0,"_uf_show_specific_survey":0,"_uf_disable_surveys":false,"footnotes":""},"categories":[1585,1390,1459,1397,1401],"tags":[2495,87,111,196,2490,2489,38,2488],"class_list":["post-54850","post","type-post","status-publish","format-standard","has-post-thumbnail","hentry","category-amt","category-editorias","category-congresso","category-movimentos","category-nacional","tag-direitodasmulheres","tag-acao-da-mulher-trabalhista","tag-amt","tag-carlos-lupi","tag-direitos-da-mulher-na-poitica","tag-igualdade-social","tag-pdt","tag-pec-134"],"acf":[],"_links":{"self":[{"href":"https:\/\/pdt-rj.org.br\/index.php\/wp-json\/wp\/v2\/posts\/54850","targetHints":{"allow":["GET"]}}],"collection":[{"href":"https:\/\/pdt-rj.org.br\/index.php\/wp-json\/wp\/v2\/posts"}],"about":[{"href":"https:\/\/pdt-rj.org.br\/index.php\/wp-json\/wp\/v2\/types\/post"}],"author":[{"embeddable":true,"href":"https:\/\/pdt-rj.org.br\/index.php\/wp-json\/wp\/v2\/users\/17"}],"replies":[{"embeddable":true,"href":"https:\/\/pdt-rj.org.br\/index.php\/wp-json\/wp\/v2\/comments?post=54850"}],"version-history":[{"count":9,"href":"https:\/\/pdt-rj.org.br\/index.php\/wp-json\/wp\/v2\/posts\/54850\/revisions"}],"predecessor-version":[{"id":54948,"href":"https:\/\/pdt-rj.org.br\/index.php\/wp-json\/wp\/v2\/posts\/54850\/revisions\/54948"}],"wp:featuredmedia":[{"embeddable":true,"href":"https:\/\/pdt-rj.org.br\/index.php\/wp-json\/wp\/v2\/media\/54851"}],"wp:attachment":[{"href":"https:\/\/pdt-rj.org.br\/index.php\/wp-json\/wp\/v2\/media?parent=54850"}],"wp:term":[{"taxonomy":"category","embeddable":true,"href":"https:\/\/pdt-rj.org.br\/index.php\/wp-json\/wp\/v2\/categories?post=54850"},{"taxonomy":"post_tag","embeddable":true,"href":"https:\/\/pdt-rj.org.br\/index.php\/wp-json\/wp\/v2\/tags?post=54850"}],"curies":[{"name":"wp","href":"https:\/\/api.w.org\/{rel}","templated":true}]}}