{"id":54830,"date":"2017-08-08T17:06:05","date_gmt":"2017-08-08T20:06:05","guid":{"rendered":"http:\/\/pdt-rj.org.br\/?p=54830"},"modified":"2017-09-15T17:42:35","modified_gmt":"2017-09-15T20:42:35","slug":"ciro-debate-reforma-agraria-e-economia-com-frente-nacional-de-luta","status":"publish","type":"post","link":"https:\/\/pdt-rj.org.br\/index.php\/ciro-debate-reforma-agraria-e-economia-com-frente-nacional-de-luta\/","title":{"rendered":"Ciro debate reforma agr\u00e1ria e economia com Frente Nacional de Luta"},"content":{"rendered":"<p>\u201cTemos de abrir o acesso \u00e0 terra para quem nela deseja trabalhar\u201d, declarou o candidato \u00e0 Presidente da Rep\u00fablica pelo PDT, Ciro Gomes, durante debate com representantes da Frente Nacional Luta Campo e Cidade (FNL). Moderado pelo l\u00edder nacional do movimento, Jos\u00e9 Rainha, a reuni\u00e3o aconteceu na manh\u00e3 desta ter\u00e1-feira (8), na sede nacional do PDT, em Bras\u00edlia.<\/p>\n<p>O encontro teve a presen\u00e7a do presidente nacional do PDT, Carlos Lupi, do deputado federal Andr\u00e9 Figueiredo (CE), do secret\u00e1rio-geral e presidente da Funda\u00e7\u00e3o Leonel Brizola \u2013 Alberto Pasqualini (FLB-AP), Manoel Dias e da vice-presidente nacional do PDT e presidente nacional da A\u00e7\u00e3o da Mulher Trabalhista, Miguelina Vecchio.<\/p>\n<p>\u201cN\u00f3s viemos aqui para ouvir o Ciro diretamente e entender an\u00e1lise que ele faz da atual crise pol\u00edtica e econ\u00f4mica que o Brasil atravessa. Trouxemos perguntas para ouvir as perspectivas apontadas por Ciro\u201d, anunciou Jos\u00e9 Rainha.<\/p>\n<p>\u201cN\u00e3o ficamos em cima do muro. Somos um movimento social e n\u00e3o um movimento partid\u00e1rio. Somos da luta pela reforma agr\u00e1ria e vamos escolher um candidato\u201d, avisou o l\u00edder.<\/p>\n<p>Ciro destacou, durante sua fala, que \u201ctinha vontade de dizer que toda a fam\u00edlia que precisa de terra, ter\u00e1\u201d.<\/p>\n<p>\u201cMas infelizmente a quest\u00e3o n\u00e3o \u00e9 t\u00e3o simples. A Reforma Agr\u00e1ria moderna precisa vir acompanhada de outras grandes quest\u00f5es e ser debatida de forma clara e objetiva, levando em considera\u00e7\u00e3o todas as vari\u00e1veis que o tema exige\u201d, afirmou.<\/p>\n<p>Ciro tamb\u00e9m fez um resumo do atual momento pol\u00edtico, principalmente na \u00e1rea econ\u00f4mica. Ex-ministro da Fazenda, Gomes afirmou que o caos econ\u00f4mico atual em muito tem a ver com o movimento dentro do Congresso, quando Eduardo Cunha \u2013 que est\u00e1 preso- ainda era Presidente da C\u00e2mara e boicotou na Casa medidas que precisavam ser tomadas ainda pelo Governo Dilma.<\/p>\n<p>\u201cHoje j\u00e1 est\u00e1 sendo mostrado que Cunha comprou o impedimento de Dilma, entre os deputados, e antes disso, impediu que o Governo aprovasse medidas fundamentais para enfrentar a crise que ainda se avizinhava naquele momento. Foi tudo articulado e pensando para derrubar a Dilma\u201d, afirmou.<\/p>\n<p>Depois da palestra de Ciro, o encontro foi aberto para perguntas dos cerca de 60 participantes. Questionado sobre a reforma da previd\u00eancia, Ciro reiterou que, embora ela seja necess\u00e1ria, a aus\u00eancia de um d\u00e9ficit, ao contr\u00e1rio do que a m\u00eddia e o atual governo defendem, essa altera\u00e7\u00e3o deve ser feita com tranquilidade e debatida com a popula\u00e7\u00e3o.<\/p>\n<!-- AddThis Advanced Settings generic via filter on the_content --><!-- AddThis Share Buttons generic via filter on the_content -->","protected":false},"excerpt":{"rendered":"<p>\u201cTemos de abrir o acesso \u00e0 terra para quem nela deseja trabalhar\u201d, declarou o candidato \u00e0 Presidente da Rep\u00fablica pelo PDT, Ciro Gomes, durante debate com representantes da Frente Nacional Luta Campo e Cidade (FNL). Moderado pelo l\u00edder nacional do movimento, Jos\u00e9 Rainha, a reuni\u00e3o aconteceu na manh\u00e3 desta ter\u00e1-feira (8), na sede nacional do&#8230;<!-- AddThis Advanced Settings generic via filter on wp_trim_excerpt --><!-- AddThis Share Buttons generic via filter on wp_trim_excerpt --><\/p>\n","protected":false},"author":17,"featured_media":54831,"comment_status":"closed","ping_status":"closed","sticky":false,"template":"","format":"standard","meta":{"_monsterinsights_skip_tracking":false,"_monsterinsights_sitenote_active":false,"_monsterinsights_sitenote_note":"","_monsterinsights_sitenote_category":0,"_uf_show_specific_survey":0,"_uf_disable_surveys":false,"footnotes":""},"categories":[1390],"tags":[220,2586,38,1524],"class_list":["post-54830","post","type-post","status-publish","format-standard","has-post-thumbnail","hentry","category-editorias","tag-ciro-gomes","tag-frente-nacional-de-luta","tag-pdt","tag-reforma-agraria"],"acf":[],"_links":{"self":[{"href":"https:\/\/pdt-rj.org.br\/index.php\/wp-json\/wp\/v2\/posts\/54830","targetHints":{"allow":["GET"]}}],"collection":[{"href":"https:\/\/pdt-rj.org.br\/index.php\/wp-json\/wp\/v2\/posts"}],"about":[{"href":"https:\/\/pdt-rj.org.br\/index.php\/wp-json\/wp\/v2\/types\/post"}],"author":[{"embeddable":true,"href":"https:\/\/pdt-rj.org.br\/index.php\/wp-json\/wp\/v2\/users\/17"}],"replies":[{"embeddable":true,"href":"https:\/\/pdt-rj.org.br\/index.php\/wp-json\/wp\/v2\/comments?post=54830"}],"version-history":[{"count":6,"href":"https:\/\/pdt-rj.org.br\/index.php\/wp-json\/wp\/v2\/posts\/54830\/revisions"}],"predecessor-version":[{"id":55285,"href":"https:\/\/pdt-rj.org.br\/index.php\/wp-json\/wp\/v2\/posts\/54830\/revisions\/55285"}],"wp:featuredmedia":[{"embeddable":true,"href":"https:\/\/pdt-rj.org.br\/index.php\/wp-json\/wp\/v2\/media\/54831"}],"wp:attachment":[{"href":"https:\/\/pdt-rj.org.br\/index.php\/wp-json\/wp\/v2\/media?parent=54830"}],"wp:term":[{"taxonomy":"category","embeddable":true,"href":"https:\/\/pdt-rj.org.br\/index.php\/wp-json\/wp\/v2\/categories?post=54830"},{"taxonomy":"post_tag","embeddable":true,"href":"https:\/\/pdt-rj.org.br\/index.php\/wp-json\/wp\/v2\/tags?post=54830"}],"curies":[{"name":"wp","href":"https:\/\/api.w.org\/{rel}","templated":true}]}}