{"id":54802,"date":"2017-08-05T23:20:17","date_gmt":"2017-08-06T02:20:17","guid":{"rendered":"http:\/\/pdt-rj.org.br\/?p=54802"},"modified":"2017-08-12T02:40:21","modified_gmt":"2017-08-12T05:40:21","slug":"lupi-inaugura-sede-do-pdt-em-atibaia-e-sauda-novos-filiados-em-guarulhos","status":"publish","type":"post","link":"https:\/\/pdt-rj.org.br\/index.php\/lupi-inaugura-sede-do-pdt-em-atibaia-e-sauda-novos-filiados-em-guarulhos\/","title":{"rendered":"Lupi inaugura sede do PDT em Atibaia e sa\u00fada novos filiados em Guarulhos"},"content":{"rendered":"<p>O s\u00e1bado (5) foi de festa para o PDT. Quem atestou foi o presidente nacional do partido, Carlos Lupi, que passou o dia em agenda no interior do estado de S\u00e3o Paulo onde participou do encontro estadual da Juventude Socialista (JS-SP), filiou novos membros em Guarulhos, e inaugurou a nova sede municipal em Atibaia.<\/p>\n<p>Logo pela manh\u00e3, Lupi se juntou aos jovens paulistas em Guarulhos, no evento da JS. Realista, o \u201cdisc\u00edpulo de Brizola\u201d situou as dificuldades pol\u00edticas do pa\u00eds e cobrou comprometimento dos pedetistas mais novos.<\/p>\n<p>\u201cO partido do qual voc\u00eas fazem parte tem um grande legado, uma hist\u00f3ria de luta pelo povo humilde do Brasil. O dever de voc\u00eas \u00e9 fortalecer o partido e levar essa hist\u00f3ria de luta adiante\u201d, alertou o presidente.<\/p>\n<p>Antes de seguir para Atibaia, Lupi filiou lideran\u00e7as do estado presentes em Guarulhos e fez uma r\u00e1pida reuni\u00e3o com sindicalistas de S\u00e3o Paulo. Depois seguiu direto para a inaugura\u00e7\u00e3o da sede no munic\u00edpio.<\/p>\n<p>O presidente do Diret\u00f3rio do PDT de Atibaia, Coronel Ernesto, n\u00e3o conteve as l\u00e1grimas ao discursar durante apresenta\u00e7\u00e3o da nova sede. \u201cOrganizar o PDT aqui na cidade \u00e9 algo que me d\u00e1 muita alegria. N\u00e3o \u00e9 tarefa f\u00e1cil manter vivo o ideal de Get\u00falio, Jango, Darcy e Brizola. Por isso, o Diret\u00f3rio tem vida org\u00e2nica desde antes de abrir as portas, com reuni\u00f5es nas casas de companheiros. Agora \u00e9 seguir o trabalho e fortalecer ainda mais o partido\u201d, afirmou.<\/p>\n<p>Lupi enfatizou que a sede partid\u00e1ria deve estar \u00e0 disposi\u00e7\u00e3o da popula\u00e7\u00e3o.<\/p>\n<p>\u201cPrecisamos agir como as institui\u00e7\u00f5es religiosas e manter as portas abertas para todo cidad\u00e3o que se interesse em entrar. Quando abrimos uma nova sede, abrimos as portas para o povo sonhar junto com a gente e brigar junto por uma sociedade mais justa. Essa \u00e9 a nossa fun\u00e7\u00e3o\u201d, frisou.<\/p>\n<p>O evento em Atibaia contou com a presen\u00e7a de lideran\u00e7as da esquerda local, al\u00e9m do prefeito Saulo Pedro (PSB) e do Secret\u00e1rio Geral do PDT de S\u00e3o Paulo, Airton Amaral. Carlos Lupi ainda deve voltar ao estado esse m\u00eas para novas reuni\u00f5es.<\/p>\n<!-- AddThis Advanced Settings generic via filter on the_content --><!-- AddThis Share Buttons generic via filter on the_content -->","protected":false},"excerpt":{"rendered":"<p>O s\u00e1bado (5) foi de festa para o PDT. Quem atestou foi o presidente nacional do partido, Carlos Lupi, que passou o dia em agenda no interior do estado de S\u00e3o Paulo onde participou do encontro estadual da Juventude Socialista (JS-SP), filiou novos membros em Guarulhos, e inaugurou a nova sede municipal em Atibaia. Logo&#8230;<!-- AddThis Advanced Settings generic via filter on wp_trim_excerpt --><!-- AddThis Share Buttons generic via filter on wp_trim_excerpt --><\/p>\n","protected":false},"author":17,"featured_media":54803,"comment_status":"closed","ping_status":"closed","sticky":false,"template":"","format":"standard","meta":{"_monsterinsights_skip_tracking":false,"_monsterinsights_sitenote_active":false,"_monsterinsights_sitenote_note":"","_monsterinsights_sitenote_category":0,"_uf_show_specific_survey":0,"_uf_disable_surveys":false,"footnotes":""},"categories":[1390],"tags":[2493,196,2492,38],"class_list":["post-54802","post","type-post","status-publish","format-standard","has-post-thumbnail","hentry","category-editorias","tag-atibaia-sp","tag-carlos-lupi","tag-guarulhos-sp","tag-pdt"],"acf":[],"_links":{"self":[{"href":"https:\/\/pdt-rj.org.br\/index.php\/wp-json\/wp\/v2\/posts\/54802","targetHints":{"allow":["GET"]}}],"collection":[{"href":"https:\/\/pdt-rj.org.br\/index.php\/wp-json\/wp\/v2\/posts"}],"about":[{"href":"https:\/\/pdt-rj.org.br\/index.php\/wp-json\/wp\/v2\/types\/post"}],"author":[{"embeddable":true,"href":"https:\/\/pdt-rj.org.br\/index.php\/wp-json\/wp\/v2\/users\/17"}],"replies":[{"embeddable":true,"href":"https:\/\/pdt-rj.org.br\/index.php\/wp-json\/wp\/v2\/comments?post=54802"}],"version-history":[{"count":9,"href":"https:\/\/pdt-rj.org.br\/index.php\/wp-json\/wp\/v2\/posts\/54802\/revisions"}],"predecessor-version":[{"id":54863,"href":"https:\/\/pdt-rj.org.br\/index.php\/wp-json\/wp\/v2\/posts\/54802\/revisions\/54863"}],"wp:featuredmedia":[{"embeddable":true,"href":"https:\/\/pdt-rj.org.br\/index.php\/wp-json\/wp\/v2\/media\/54803"}],"wp:attachment":[{"href":"https:\/\/pdt-rj.org.br\/index.php\/wp-json\/wp\/v2\/media?parent=54802"}],"wp:term":[{"taxonomy":"category","embeddable":true,"href":"https:\/\/pdt-rj.org.br\/index.php\/wp-json\/wp\/v2\/categories?post=54802"},{"taxonomy":"post_tag","embeddable":true,"href":"https:\/\/pdt-rj.org.br\/index.php\/wp-json\/wp\/v2\/tags?post=54802"}],"curies":[{"name":"wp","href":"https:\/\/api.w.org\/{rel}","templated":true}]}}