{"id":54793,"date":"2017-08-04T16:52:54","date_gmt":"2017-08-04T19:52:54","guid":{"rendered":"http:\/\/pdt-rj.org.br\/?p=54793"},"modified":"2017-08-07T12:28:45","modified_gmt":"2017-08-07T15:28:45","slug":"pdt-e-o-partido-da-transformacao-diz-lupi-durante-convencao-em-campo-grande-ms","status":"publish","type":"post","link":"https:\/\/pdt-rj.org.br\/index.php\/pdt-e-o-partido-da-transformacao-diz-lupi-durante-convencao-em-campo-grande-ms\/","title":{"rendered":"&#8220;O PDT \u00e9 o partido da transforma\u00e7\u00e3o\u201d, diz Lupi durante conven\u00e7\u00e3o em Campo Grande (MS)"},"content":{"rendered":"<p>Durante a posse da nova diretoria do PDT de Campo Grande, capital do Mato Grosso do Sul, o presidente nacional do PDT, Carlos Lupi, elogiou o desenvolvimento do partido no estado e seu fortalecimento para as elei\u00e7\u00f5es de 2018. A cerim\u00f4nia aconteceu nessa quinta-feira (3) com a presen\u00e7a do deputado federal Dagoberto Nogueira,\u00a0presidente estadual da legenda, diversas autoridades e representantes sindicais.<\/p>\n<p>Lupi tamb\u00e9m elogiou o trabalho e o comprometimento de Dagoberto \u00e0 frente do diret\u00f3rio estadual.<\/p>\n<p>\u201cMeu amigo e companheiro Dagoberto, tenho muito orgulho de voc\u00ea, do seu trabalho, da sua ousadia, da sua coragem e da sua lealdade, porque ela \u00e9 marca de bom car\u00e1ter. Tenho muito orgulho em ser seu companheiro de causa. \u00c9 hora de homens e mulheres de coragem mostrarem o amor pelo Pa\u00eds e n\u00e3o terem medo de falar que fazem pol\u00edtica\u201d, afirmou Lupi.<\/p>\n<p>O presidente fez quest\u00e3o de lembrar que o partido n\u00e3o carrega manchas da corrup\u00e7\u00e3o e que o diferencial \u00e9 n\u00e3o se conformar com a atual situa\u00e7\u00e3o pol\u00edtica do Brasil.\u00a0Para ele, o PDT deve consolidar sua atua\u00e7\u00e3o no Mato Grosso do Sul e que possui grandes nomes que podem e devem compor o cen\u00e1rio pol\u00edtico municipal e estadual nas pr\u00f3ximas elei\u00e7\u00f5es.<\/p>\n<p>\u201cMas, para isso acontecer, os governantes do PDT devem ter compromisso com os segmentos que sempre fizeram parte da hist\u00f3ria da legenda. Temos que continuar sendo o partido da transforma\u00e7\u00e3o\u201d, disse Lupi.<\/p>\n<p>O deputado Dagoberto Nogueira complementou o discurso exaltando a hist\u00f3ria do partido e convidando eleitores a se filiarem \u00e0 legenda.<\/p>\n<p>\u201cEstamos de portas abertas e sempre tive orgulho em fazer parte da hist\u00f3ria desse partido. Tenho muita honra em estar no PDT e quero que novas lideran\u00e7as possam continuar a nossa miss\u00e3o\u201d, afirmou Dagoberto.<\/p>\n<p>Com rela\u00e7\u00e3o ao novo diret\u00f3rio municipal, Dagoberto declarou satisfa\u00e7\u00e3o com as boas perspectivas para a legenda.<\/p>\n<p>\u201cOdilon veio para presidir o partido com olhos nos horizontes. N\u00f3s quer\u00edamos essa cara nova, essa disposi\u00e7\u00e3o de lutar. O trabalho dos nossos vereadores na C\u00e2mara j\u00e1 nos d\u00e1 muito orgulho. S\u00e3o essas pessoas de grande compet\u00eancia que v\u00e3o aprimorar as a\u00e7\u00f5es pol\u00edticas e consolidar um partido ainda melhor para o Mato Grosso do Sul\u201d, assegurou Dagoberto.<\/p>\n<p>O vereador e agora presidente do diret\u00f3rio municipal do partido, Odilon de Oliveira Jr., afirmou que agora \u00e9 o momento de \u201corganizar a casa\u201d. De acordo ele, a estrutura partid\u00e1ria vai se tornar ainda mais democr\u00e1tica para que, com a ajuda de todos, o partido continue crescendo e atuando na vanguarda da pol\u00edtica campograndense.<\/p>\n<p>\u201cQueremos compartilhar essa responsabilidade com todos, porque o partido n\u00e3o \u00e9 de uma pessoa s\u00f3, mas \u00e9 de cada um que est\u00e1 aqui presente. Temos que preparar a nossa casa para a revolu\u00e7\u00e3o que acontecer\u00e1 no ano que vem. Esse partido n\u00e3o ser\u00e1 s\u00f3 de palavras, mas de a\u00e7\u00e3o\u201d, garantiu Odilon.<\/p>\n<p>&nbsp;<\/p>\n<p>Leia <a href=\"http:\/\/www.dagoberto.net.br\/noticias\/pdt-e-o-partido-da-transformacao-diz-iupi-durante-evento-em-campo-grande\/\">aqui <\/a>a mat\u00e9ria completa.<\/p>\n<!-- AddThis Advanced Settings generic via filter on the_content --><!-- AddThis Share Buttons generic via filter on the_content -->","protected":false},"excerpt":{"rendered":"<p>Durante a posse da nova diretoria do PDT de Campo Grande, capital do Mato Grosso do Sul, o presidente nacional do PDT, Carlos Lupi, elogiou o desenvolvimento do partido no estado e seu fortalecimento para as elei\u00e7\u00f5es de 2018. A cerim\u00f4nia aconteceu nessa quinta-feira (3) com a presen\u00e7a do deputado federal Dagoberto Nogueira,\u00a0presidente estadual da&#8230;<!-- AddThis Advanced Settings generic via filter on wp_trim_excerpt --><!-- AddThis Share Buttons generic via filter on wp_trim_excerpt --><\/p>\n","protected":false},"author":17,"featured_media":54794,"comment_status":"closed","ping_status":"closed","sticky":false,"template":"","format":"standard","meta":{"_monsterinsights_skip_tracking":false,"_monsterinsights_sitenote_active":false,"_monsterinsights_sitenote_note":"","_monsterinsights_sitenote_category":0,"_uf_show_specific_survey":0,"_uf_disable_surveys":false,"footnotes":""},"categories":[1390,1401],"tags":[196,2479,38,2480],"class_list":["post-54793","post","type-post","status-publish","format-standard","has-post-thumbnail","hentry","category-editorias","category-nacional","tag-carlos-lupi","tag-odilon-de-oliveira-jr","tag-pdt","tag-transformacao"],"acf":[],"_links":{"self":[{"href":"https:\/\/pdt-rj.org.br\/index.php\/wp-json\/wp\/v2\/posts\/54793","targetHints":{"allow":["GET"]}}],"collection":[{"href":"https:\/\/pdt-rj.org.br\/index.php\/wp-json\/wp\/v2\/posts"}],"about":[{"href":"https:\/\/pdt-rj.org.br\/index.php\/wp-json\/wp\/v2\/types\/post"}],"author":[{"embeddable":true,"href":"https:\/\/pdt-rj.org.br\/index.php\/wp-json\/wp\/v2\/users\/17"}],"replies":[{"embeddable":true,"href":"https:\/\/pdt-rj.org.br\/index.php\/wp-json\/wp\/v2\/comments?post=54793"}],"version-history":[{"count":11,"href":"https:\/\/pdt-rj.org.br\/index.php\/wp-json\/wp\/v2\/posts\/54793\/revisions"}],"predecessor-version":[{"id":54829,"href":"https:\/\/pdt-rj.org.br\/index.php\/wp-json\/wp\/v2\/posts\/54793\/revisions\/54829"}],"wp:featuredmedia":[{"embeddable":true,"href":"https:\/\/pdt-rj.org.br\/index.php\/wp-json\/wp\/v2\/media\/54794"}],"wp:attachment":[{"href":"https:\/\/pdt-rj.org.br\/index.php\/wp-json\/wp\/v2\/media?parent=54793"}],"wp:term":[{"taxonomy":"category","embeddable":true,"href":"https:\/\/pdt-rj.org.br\/index.php\/wp-json\/wp\/v2\/categories?post=54793"},{"taxonomy":"post_tag","embeddable":true,"href":"https:\/\/pdt-rj.org.br\/index.php\/wp-json\/wp\/v2\/tags?post=54793"}],"curies":[{"name":"wp","href":"https:\/\/api.w.org\/{rel}","templated":true}]}}