{"id":54767,"date":"2017-07-27T10:50:56","date_gmt":"2017-07-27T13:50:56","guid":{"rendered":"http:\/\/pdt-rj.org.br\/?p=54767"},"modified":"2017-08-07T12:25:29","modified_gmt":"2017-08-07T15:25:29","slug":"lupi-vai-ao-acre-para-filiacao-de-novos-pedetistas","status":"publish","type":"post","link":"https:\/\/pdt-rj.org.br\/index.php\/lupi-vai-ao-acre-para-filiacao-de-novos-pedetistas\/","title":{"rendered":"Lupi vai ao Acre para filia\u00e7\u00e3o de novos pedetistas"},"content":{"rendered":"<p id=\"yui_3_16_0_ym19_1_1501116465475_422602\" class=\"yiv3808878774MsoNormal\"><span id=\"yui_3_16_0_ym19_1_1501116465475_422604\">O presidente nacional do PDT, Carlos Lupi, participou do ato de filia\u00e7\u00e3o no PDT-AC, nesta quarta-feira (26), em Rio Branco. Com mais de duas mil pessoas presentes, o partido agregou ao seu quadro Emylson Farias, secret\u00e1rio de Seguran\u00e7a do Governo estadual \u2013 e agora pr\u00e9-candidato ao Governo do Acre \u2013 e Cristovam Pontes, diretor-presidente do Departamento de Estrada e Rodagens do Acre (Deracre).<\/span><\/p>\n<p id=\"yui_3_16_0_ym19_1_1501116465475_422600\" class=\"yiv3808878774MsoNormal\"><span id=\"yui_3_16_0_ym19_1_1501116465475_422599\">Lupi fez uma leitura da crise e do atual quadro pol\u00edtico nacional durante seu discurso. \u201cVivemos um momento obscuro da nossa hist\u00f3ria. O presidente, que j\u00e1 n\u00e3o deveria estar no cargo, quer recuperar a economia massacrando o trabalhador e mantendo os privil\u00e9gios da elite. Precisamos mudar, ser patriotas e combater quem quer nos oprimir\u201d, alertou.<\/span><\/p>\n<p id=\"yui_3_16_0_ym19_1_1501116465475_422592\" class=\"yiv3808878774MsoNormal\"><span id=\"yui_3_16_0_ym19_1_1501116465475_422591\">Em seguida, Lupi se dirigiu aos novos membros do PDT. \u201cHoje \u00e9 dia de festa; amanh\u00e3 \u00e9 dia de trabalho. Estamos convidando voc\u00eas n\u00e3o s\u00f3 para confraternizar, mas para fazer um Brasil melhor, a come\u00e7ar aqui pelo Acre\u201d, frisou, lembrando a hist\u00f3ria de luta que caracteriza o partido.<\/span><\/p>\n<p id=\"yui_3_16_0_ym19_1_1501116465475_422614\" class=\"yiv3808878774MsoNormal\"><span id=\"yui_3_16_0_ym19_1_1501116465475_422616\">O presidente do PDT-AC, Luiz Tch\u00ea, tamb\u00e9m comentou a chegada dos novos membros \u00e0 legenda. \u201cO legado que vou deixar como presidente estadual do PDT \u00e9 o fortalecimento do partido, com um quadro preparado e compromissado em desenvolver nossa pol\u00edtica trabalhista, atendendo ao povo da maneira que ele precisa. \u00c9 isso que estamos fazendo esta noite\u201d, afirmou.<\/span><\/p>\n<p id=\"yui_3_16_0_ym19_1_1501116465475_422621\" class=\"yiv3808878774MsoNormal\"><span id=\"yui_3_16_0_ym19_1_1501116465475_422620\">Com a palavra, Emylson Farias agradeceu a receptividade e garantiu defender os princ\u00edpios e honrar a hist\u00f3ria trabalhista. \u201cHoje \u00e9 o dia em que o desafio bate a porta e estou pronto para a batalha. Sempre tive o sonho de ser servidor p\u00fablico e hoje estou aqui para servir e defender o povo. Como secret\u00e1rio de seguran\u00e7a, recebo amea\u00e7as todos os dias, mas nunca vou fugir a luta\u201d, garantiu.<\/span><\/p>\n<p class=\"yiv3808878774MsoNormal\">O ato de filia\u00e7\u00e3o contou com a presen\u00e7a de diversas lideran\u00e7as pol\u00edticas do Acre, dentre elas o prefeito de Rio Branco Marcus Alexandre (PT), o Senador Jorge Vianna (PDT) e a vice-governadora do estado, Nazareth Ara\u00fajo (PT).<\/p>\n<p><span id=\"yui_3_16_0_ym19_1_1501116465475_422639\">Antes do ato, Lupi cumpriu agenda na capital acreana onde conversou com lideran\u00e7as locais, concedeu entrevista ao site Ac24h e participou dos programas Gazeta Entrevista, da TV Gazeta, e Tribula Livre, da TV Rio Branco. O roteiro organizado pelo presidente Tch\u00ea, contou ainda com a companhia dos pedetistas Felipe Schafer e Luiz Sousa, secret\u00e1rio municipal de meio ambiente em Rio Branco.<\/span><\/p>\n<!-- AddThis Advanced Settings generic via filter on the_content --><!-- AddThis Share Buttons generic via filter on the_content -->","protected":false},"excerpt":{"rendered":"<p>O presidente nacional do PDT, Carlos Lupi, participou do ato de filia\u00e7\u00e3o no PDT-AC, nesta quarta-feira (26), em Rio Branco. Com mais de duas mil pessoas presentes, o partido agregou ao seu quadro Emylson Farias, secret\u00e1rio de Seguran\u00e7a do Governo estadual \u2013 e agora pr\u00e9-candidato ao Governo do Acre \u2013 e Cristovam Pontes, diretor-presidente do&#8230;<!-- AddThis Advanced Settings generic via filter on wp_trim_excerpt --><!-- AddThis Share Buttons generic via filter on wp_trim_excerpt --><\/p>\n","protected":false},"author":17,"featured_media":54768,"comment_status":"closed","ping_status":"closed","sticky":false,"template":"","format":"standard","meta":{"_monsterinsights_skip_tracking":false,"_monsterinsights_sitenote_active":false,"_monsterinsights_sitenote_note":"","_monsterinsights_sitenote_category":0,"_uf_show_specific_survey":0,"_uf_disable_surveys":false,"footnotes":""},"categories":[1390],"tags":[196,2473,2474,38,2472],"class_list":["post-54767","post","type-post","status-publish","format-standard","has-post-thumbnail","hentry","category-editorias","tag-carlos-lupi","tag-departamento-de-estrada-e-rodagens-do-acre","tag-deracre","tag-pdt","tag-rio-branco-ac"],"acf":[],"_links":{"self":[{"href":"https:\/\/pdt-rj.org.br\/index.php\/wp-json\/wp\/v2\/posts\/54767","targetHints":{"allow":["GET"]}}],"collection":[{"href":"https:\/\/pdt-rj.org.br\/index.php\/wp-json\/wp\/v2\/posts"}],"about":[{"href":"https:\/\/pdt-rj.org.br\/index.php\/wp-json\/wp\/v2\/types\/post"}],"author":[{"embeddable":true,"href":"https:\/\/pdt-rj.org.br\/index.php\/wp-json\/wp\/v2\/users\/17"}],"replies":[{"embeddable":true,"href":"https:\/\/pdt-rj.org.br\/index.php\/wp-json\/wp\/v2\/comments?post=54767"}],"version-history":[{"count":5,"href":"https:\/\/pdt-rj.org.br\/index.php\/wp-json\/wp\/v2\/posts\/54767\/revisions"}],"predecessor-version":[{"id":54827,"href":"https:\/\/pdt-rj.org.br\/index.php\/wp-json\/wp\/v2\/posts\/54767\/revisions\/54827"}],"wp:featuredmedia":[{"embeddable":true,"href":"https:\/\/pdt-rj.org.br\/index.php\/wp-json\/wp\/v2\/media\/54768"}],"wp:attachment":[{"href":"https:\/\/pdt-rj.org.br\/index.php\/wp-json\/wp\/v2\/media?parent=54767"}],"wp:term":[{"taxonomy":"category","embeddable":true,"href":"https:\/\/pdt-rj.org.br\/index.php\/wp-json\/wp\/v2\/categories?post=54767"},{"taxonomy":"post_tag","embeddable":true,"href":"https:\/\/pdt-rj.org.br\/index.php\/wp-json\/wp\/v2\/tags?post=54767"}],"curies":[{"name":"wp","href":"https:\/\/api.w.org\/{rel}","templated":true}]}}