{"id":54741,"date":"2017-07-25T15:09:23","date_gmt":"2017-07-25T18:09:23","guid":{"rendered":"http:\/\/pdt-rj.org.br\/?p=54741"},"modified":"2017-07-27T10:54:48","modified_gmt":"2017-07-27T13:54:48","slug":"25-de-julho-dia-nacional-de-tereza-de-benguela-e-da-mulher-negra","status":"publish","type":"post","link":"https:\/\/pdt-rj.org.br\/index.php\/25-de-julho-dia-nacional-de-tereza-de-benguela-e-da-mulher-negra\/","title":{"rendered":"25 de julho &#8211; Dia Nacional de Tereza de Benguela e da Mulher Negra"},"content":{"rendered":"<p>Nesta ter\u00e7a-feira, 25 de julho, celebra-se uma conquista do Movimento Negro e, tamb\u00e9m, do movimento pela igualdade de g\u00eanero e pela emancipa\u00e7\u00e3o da mulher. \u00a0Comemoramos hoje o Dia Nacional de Tereza de Benguela e da Mulher Negra, institu\u00eddo pela Lei 12,987, sancionada no dia 2 de junho de 2015.<\/p>\n<p>At\u00e9 a san\u00e7\u00e3o da lei, o Brasil era o \u00fanico pa\u00eds da Am\u00e9rica Latina que n\u00e3o comemorava oficialmente, em 25 de julho, o <strong>Dia Internacional da Mulher Negra Latino-Americana e Caribenha.<\/strong><\/p>\n<p>O dia nacional institu\u00eddo neste ano, al\u00e9m do reconhecimento \u00e0 data internacional, \u00e9 uma homenagem e uma aula de hist\u00f3ria que precisa ser contada e jamais esquecida.<\/p>\n<p><strong>Lideran\u00e7a Quilombola<\/strong><\/p>\n<p>Tereza de Benguela foi uma lideran\u00e7a quilombola, mulher de Jos\u00e9 Piolho, que chefiava o Quilombo do Piolho (ou Quariter\u00ea), em Guapor\u00e9, pr\u00f3ximo \u00e0 fronteira do estado do Mato Grosso com a Bol\u00edvia.<\/p>\n<p>Sob a lideran\u00e7a da Rainha Teresa, a comunidade negra e ind\u00edgena resistiu \u00e0 escravid\u00e3o por duas d\u00e9cadas, sobrevivendo at\u00e9 1770.<\/p>\n<p>Marco internacional da luta e da resist\u00eancia da mulher negra, a data foi criada em 25 de julho de 1992, durante o primeiro encontro de mulheres afro-latino-americanas e afro-caribenhas, em Santo domingos, Rep\u00fablica Dominicana.<\/p>\n<p>A todas as companheiras em luta por uma sociedade justa e livre de opress\u00e3o, nossos cumprimentos.<\/p>\n<p>&nbsp;<\/p>\n<p><strong><em>*Ivaldo Paix\u00e3o \u00e9 presidente do Movimento Nero do PDT.<\/em><\/strong><\/p>\n<!-- AddThis Advanced Settings generic via filter on the_content --><!-- AddThis Share Buttons generic via filter on the_content -->","protected":false},"excerpt":{"rendered":"<p>Nesta ter\u00e7a-feira, 25 de julho, celebra-se uma conquista do Movimento Negro e, tamb\u00e9m, do movimento pela igualdade de g\u00eanero e pela emancipa\u00e7\u00e3o da mulher. \u00a0Comemoramos hoje o Dia Nacional de Tereza de Benguela e da Mulher Negra, institu\u00eddo pela Lei 12,987, sancionada no dia 2 de junho de 2015. At\u00e9 a san\u00e7\u00e3o da lei, o&#8230;<!-- AddThis Advanced Settings generic via filter on wp_trim_excerpt --><!-- AddThis Share Buttons generic via filter on wp_trim_excerpt --><\/p>\n","protected":false},"author":17,"featured_media":54742,"comment_status":"closed","ping_status":"closed","sticky":false,"template":"","format":"standard","meta":{"_monsterinsights_skip_tracking":false,"_monsterinsights_sitenote_active":false,"_monsterinsights_sitenote_note":"","_monsterinsights_sitenote_category":0,"_uf_show_specific_survey":0,"_uf_disable_surveys":false,"footnotes":""},"categories":[1390],"tags":[1133,38],"class_list":["post-54741","post","type-post","status-publish","format-standard","has-post-thumbnail","hentry","category-editorias","tag-ivaldo-paixao","tag-pdt"],"acf":[],"_links":{"self":[{"href":"https:\/\/pdt-rj.org.br\/index.php\/wp-json\/wp\/v2\/posts\/54741","targetHints":{"allow":["GET"]}}],"collection":[{"href":"https:\/\/pdt-rj.org.br\/index.php\/wp-json\/wp\/v2\/posts"}],"about":[{"href":"https:\/\/pdt-rj.org.br\/index.php\/wp-json\/wp\/v2\/types\/post"}],"author":[{"embeddable":true,"href":"https:\/\/pdt-rj.org.br\/index.php\/wp-json\/wp\/v2\/users\/17"}],"replies":[{"embeddable":true,"href":"https:\/\/pdt-rj.org.br\/index.php\/wp-json\/wp\/v2\/comments?post=54741"}],"version-history":[{"count":8,"href":"https:\/\/pdt-rj.org.br\/index.php\/wp-json\/wp\/v2\/posts\/54741\/revisions"}],"predecessor-version":[{"id":54770,"href":"https:\/\/pdt-rj.org.br\/index.php\/wp-json\/wp\/v2\/posts\/54741\/revisions\/54770"}],"wp:featuredmedia":[{"embeddable":true,"href":"https:\/\/pdt-rj.org.br\/index.php\/wp-json\/wp\/v2\/media\/54742"}],"wp:attachment":[{"href":"https:\/\/pdt-rj.org.br\/index.php\/wp-json\/wp\/v2\/media?parent=54741"}],"wp:term":[{"taxonomy":"category","embeddable":true,"href":"https:\/\/pdt-rj.org.br\/index.php\/wp-json\/wp\/v2\/categories?post=54741"},{"taxonomy":"post_tag","embeddable":true,"href":"https:\/\/pdt-rj.org.br\/index.php\/wp-json\/wp\/v2\/tags?post=54741"}],"curies":[{"name":"wp","href":"https:\/\/api.w.org\/{rel}","templated":true}]}}