{"id":54732,"date":"2017-07-24T18:06:04","date_gmt":"2017-07-24T21:06:04","guid":{"rendered":"http:\/\/pdt-rj.org.br\/?p=54732"},"modified":"2017-07-24T18:06:04","modified_gmt":"2017-07-24T21:06:04","slug":"juventude-de-petropolis-rj-recebe-caravana-dos-nucleos-de-base","status":"publish","type":"post","link":"https:\/\/pdt-rj.org.br\/index.php\/juventude-de-petropolis-rj-recebe-caravana-dos-nucleos-de-base\/","title":{"rendered":"Juventude de Petr\u00f3polis (RJ) recebe Caravana dos N\u00facleos de Base"},"content":{"rendered":"<p>Nem o intenso frio da Regi\u00e3o Serrana do Rio de Janeiro atrapalhou a mobiliza\u00e7\u00e3o da Juventude Socialista (JS) para estimular a forma\u00e7\u00e3o e organiza\u00e7\u00e3o da milit\u00e2ncia do PDT. No \u00faltimo s\u00e1bado (22), a dire\u00e7\u00e3o estadual do movimento recebeu, em Petr\u00f3polis, a Caravana dos N\u00facleos de Base, que desenvolve o projeto nacional da sigla, no estado, sob a coordena\u00e7\u00e3o da Funda\u00e7\u00e3o Leonel Brizola &#8211; Alberto Pasqualini (FLB-AP).<\/p>\n<p>Respons\u00e1vel por estimular a cria\u00e7\u00e3o de novas c\u00e9lulas, a Caravana prop\u00f4s um intenso debate, na cidade imperial, sobre a import\u00e2ncia do alinhamento dos jovens a partir da luta por objetivos em comum. Em foco, por exemplo, a melhoria da educa\u00e7\u00e3o no bairro e a defesa dos direitos trabalhistas na empresa onde trabalham. Com isso, ficou claro para os presentes o que n\u00e3o pode existir: acomoda\u00e7\u00e3o.<\/p>\n<p>No encontro, que foi liderado pelo secret\u00e1rio nacional de N\u00facleos de Base da JS, William Rodrigues, e pelo presidente municipal do partido, Bernardo Sabr\u00e1, foi discutido um calend\u00e1rio de a\u00e7\u00f5es e o processo de fortalecimento da JS local como um modelo para estruturar os demais movimentos em todas as regi\u00f5es fluminenses.<\/p>\n<p>Parlamentar de destaque, o vereador local e vice-presidente regional do PDT, Jamil Sabr\u00e1 Neto, exaltou a import\u00e2ncia de representar uma camada estrat\u00e9gica da popula\u00e7\u00e3o. &#8220;Sou o vereador mais jovem de Petr\u00f3polis e meu mandato estar\u00e1 sempre \u00e0 disposi\u00e7\u00e3o da juventude. Em seis meses, aprovamos importantes a\u00e7\u00f5es e vamos avan\u00e7ar ainda mais&#8221;, garantiu.<\/p>\n<p>Ao discursar, William Rodrigues destacou a import\u00e2ncia estrat\u00e9gica da cidade: &#8220;Petr\u00f3polis \u00e9 fundamental para expandirmos os n\u00facleos de base pela Regi\u00e3o Serrana. E o partido tem feito um grande trabalho. Com a energia da juventude, vamos avan\u00e7ar rapidamente&#8221;, disse, ao exaltar o trabalho do presidente local da JS, Lucas Rodrigues.<\/p>\n<p>Bernardo Sabr\u00e1 exaltou a sequ\u00eancia de trabalho nos \u00faltimos meses. &#8220;Aqui, a juventude sempre teve vez e voz. Hoje, como um jovem presidente do partido, tenho impulsionado isso. 2018 ser\u00e1 um grande ano para o PDT&#8221;, confirmou.<\/p>\n<p>Ao final, os presentes analisaram, em conjunto com o coordenador de Pol\u00edticas P\u00fablicas de Juventude de Petr\u00f3polis, Wesley Barreto, as propostas que integram o planejamento da gest\u00e3o municipal e pautaram medidas para ampliar os resultados para essa faixa da popula\u00e7\u00e3o.<\/p>\n<!-- AddThis Advanced Settings generic via filter on the_content --><!-- AddThis Share Buttons generic via filter on the_content -->","protected":false},"excerpt":{"rendered":"<p>Nem o intenso frio da Regi\u00e3o Serrana do Rio de Janeiro atrapalhou a mobiliza\u00e7\u00e3o da Juventude Socialista (JS) para estimular a forma\u00e7\u00e3o e organiza\u00e7\u00e3o da milit\u00e2ncia do PDT. No \u00faltimo s\u00e1bado (22), a dire\u00e7\u00e3o estadual do movimento recebeu, em Petr\u00f3polis, a Caravana dos N\u00facleos de Base, que desenvolve o projeto nacional da sigla, no estado,&#8230;<!-- AddThis Advanced Settings generic via filter on wp_trim_excerpt --><!-- AddThis Share Buttons generic via filter on wp_trim_excerpt --><\/p>\n","protected":false},"author":17,"featured_media":54733,"comment_status":"closed","ping_status":"closed","sticky":false,"template":"","format":"standard","meta":{"_monsterinsights_skip_tracking":false,"_monsterinsights_sitenote_active":false,"_monsterinsights_sitenote_note":"","_monsterinsights_sitenote_category":0,"_uf_show_specific_survey":0,"_uf_disable_surveys":false,"footnotes":""},"categories":[1390,1586,1397],"tags":[530,1974,539,1989,38],"class_list":["post-54732","post","type-post","status-publish","format-standard","has-post-thumbnail","hentry","category-editorias","category-juventude-socialista","category-movimentos","tag-js","tag-js-rj","tag-juventude-socialista","tag-nucleo-de-base","tag-pdt"],"acf":[],"_links":{"self":[{"href":"https:\/\/pdt-rj.org.br\/index.php\/wp-json\/wp\/v2\/posts\/54732","targetHints":{"allow":["GET"]}}],"collection":[{"href":"https:\/\/pdt-rj.org.br\/index.php\/wp-json\/wp\/v2\/posts"}],"about":[{"href":"https:\/\/pdt-rj.org.br\/index.php\/wp-json\/wp\/v2\/types\/post"}],"author":[{"embeddable":true,"href":"https:\/\/pdt-rj.org.br\/index.php\/wp-json\/wp\/v2\/users\/17"}],"replies":[{"embeddable":true,"href":"https:\/\/pdt-rj.org.br\/index.php\/wp-json\/wp\/v2\/comments?post=54732"}],"version-history":[{"count":1,"href":"https:\/\/pdt-rj.org.br\/index.php\/wp-json\/wp\/v2\/posts\/54732\/revisions"}],"predecessor-version":[{"id":54734,"href":"https:\/\/pdt-rj.org.br\/index.php\/wp-json\/wp\/v2\/posts\/54732\/revisions\/54734"}],"wp:featuredmedia":[{"embeddable":true,"href":"https:\/\/pdt-rj.org.br\/index.php\/wp-json\/wp\/v2\/media\/54733"}],"wp:attachment":[{"href":"https:\/\/pdt-rj.org.br\/index.php\/wp-json\/wp\/v2\/media?parent=54732"}],"wp:term":[{"taxonomy":"category","embeddable":true,"href":"https:\/\/pdt-rj.org.br\/index.php\/wp-json\/wp\/v2\/categories?post=54732"},{"taxonomy":"post_tag","embeddable":true,"href":"https:\/\/pdt-rj.org.br\/index.php\/wp-json\/wp\/v2\/tags?post=54732"}],"curies":[{"name":"wp","href":"https:\/\/api.w.org\/{rel}","templated":true}]}}