{"id":54708,"date":"2017-07-19T19:34:08","date_gmt":"2017-07-19T22:34:08","guid":{"rendered":"http:\/\/pdt-rj.org.br\/?p=54708"},"modified":"2017-07-19T19:41:19","modified_gmt":"2017-07-19T22:41:19","slug":"futebol-e-trabalhismo-entrelacos-de-uma-historia-popular","status":"publish","type":"post","link":"https:\/\/pdt-rj.org.br\/index.php\/futebol-e-trabalhismo-entrelacos-de-uma-historia-popular\/","title":{"rendered":"Futebol e Trabalhismo: entrela\u00e7os de uma hist\u00f3ria popular"},"content":{"rendered":"<p>A hist\u00f3ria do futebol, desde o final do s\u00e9culo XIX, sempre esteve densamente entrela\u00e7ada com o avan\u00e7o do Trabalhismo. Popular, inclusivo e igualit\u00e1rio, o esporte cresceu ao superar as barreiras sociais e econ\u00f4micas, al\u00e9m do famigerado preconceito racial e social. No Dia do Futebol, uma troca de passes para relembrar fatos e momentos inesquec\u00edveis de um tempo regulamentar.<\/p>\n<p>Originalmente aristocrata ao chegar com os europeus, o futebol evoluiu no Brasil ao passo da acelerada populariza\u00e7\u00e3o. At\u00e9 1930, por\u00e9m, clubes brasileiros surgiram sem finalidades financeiras, colocando como objetivo a pr\u00e1tica amadora de esportes variados, incluindo o remo no Rio de Janeiro, capital federal \u00e0 \u00e9poca.<\/p>\n<p>A futura \u201cpaix\u00e3o nacional\u201d come\u00e7ou a se consolidar a partir da d\u00e9cada de 30 com as pol\u00edticas implementadas pelo ent\u00e3o presidente Get\u00falio Vargas. No seu governo, as atividades coletivas ganharam for\u00e7a a partir dos projetos em diversas \u00e1reas, incluindo o esporte ao lado de sa\u00fade e educa\u00e7\u00e3o. Nos anos seguintes, ocorre a profissionaliza\u00e7\u00e3o a partir do promulga\u00e7\u00e3o da legisla\u00e7\u00e3o do esporte diante de um Estado Novo que pregava o nacionalismo como premissa. Surgem, ainda, est\u00e1dios, times com melhores jogadores e grandes torcidas. \u00c9 a afirma\u00e7\u00e3o da capacidade de uma na\u00e7\u00e3o que saia do modelo agr\u00edcola para entrar na fase industrial.<\/p>\n<p>Presente em cada canto da na\u00e7\u00e3o, a pr\u00e1tica caiu nas gra\u00e7as dos negros e pobres, mas o racismo tentava reafirmar seu poderio e surgiam como barreiras para impedir uma alegria que surgiu na \u00e1rea brasileira. A aboli\u00e7\u00e3o da escravatura estava no papel, mas n\u00e3o nas mentes dos ent\u00e3o cartolas.<\/p>\n<p>Um exemplo marcante despontava em S\u00e3o Crist\u00f3v\u00e3o, bairro suburbano do Rio. Como forma de provocar a elite, o Club de Regatas Vasco da Gama conquista, em 1923, o campeonato carioca com um time formado por trabalhadores de origem humilde, brancos, negros e mulatos, sem dinheiro nem posi\u00e7\u00e3o social.<\/p>\n<p>Sob o pretexto do profissionalismo dos atletas, impediram sua participa\u00e7\u00e3o dos participantes que n\u00e3o representavam a classe ariana. Esse reinado, por\u00e9m, foi quebrado com a constru\u00e7\u00e3o, em 1927, de S\u00e3o Janu\u00e1rio, o maior est\u00e1dio da Am\u00e9rica do Sul na \u00e9poca e que representou a quebra de paradigmas na sociedade. Nesse momento, os considerados grandes clubes recuam, amea\u00e7ados pelo avan\u00e7o das institui\u00e7\u00f5es populares, e passam a aceitar a inscri\u00e7\u00e3o de jogadores humildes. Surge, portanto, um novo futebol.<\/p>\n<p><strong>Get\u00falio em campo<\/strong><\/p>\n<p>Nas d\u00e9cadas de 40 e 50, o dia 1\u00ba de maio ganhou a devida impon\u00eancia com o Get\u00falio Vargas. Em S\u00e3o Janu\u00e1rio, o trabalhista costumava promover eventos c\u00edvicos em homenagem ao Dia do Trabalho. Em 1940, o presidente da Rep\u00fablica anunciou, da tribuna do est\u00e1dio e ao lado do ent\u00e3o ministro do Trabalho e Emprego, Jo\u00e3o Goulart (foto de capa), a institui\u00e7\u00e3o do sal\u00e1rio-m\u00ednimo. No ano seguinte, declarou a instala\u00e7\u00e3o da Justi\u00e7a do Trabalho.<\/p>\n<p>Ao todo, Vargas comandou a solenidade anual em cinco oportunidades. A cerim\u00f4nia perdurou em 51 e 52, mesmo depois da inaugura\u00e7\u00e3o do Maracan\u00e3, s\u00edmbolo da Copa do Mundo de 1950.<\/p>\n<p><strong>Brizola na ra\u00e7a<\/strong><\/p>\n<p>Em 1964, antes do golpe militar e do consequente ex\u00edlio, Leonel Brizola, ex-governador do Rio Grande do Sul e ent\u00e3o deputado federal pelo estado da Guanabara, recebeu uma nobre homenagem: o Sport Club Internacional conquistou a Ta\u00e7a que levou seu nome.<\/p>\n<p>Em dois jogos contra o Pe\u00f1arol, do Uruguai, o clube ga\u00facho garantiu o t\u00edtulo com duas vit\u00f3rias, sendo o primeiro jogo em Montevid\u00e9u, capital uruguaia, e o segundo em Porto Alegre (RS).<\/p>\n<!-- AddThis Advanced Settings generic via filter on the_content --><!-- AddThis Share Buttons generic via filter on the_content -->","protected":false},"excerpt":{"rendered":"<p>A hist\u00f3ria do futebol, desde o final do s\u00e9culo XIX, sempre esteve densamente entrela\u00e7ada com o avan\u00e7o do Trabalhismo. Popular, inclusivo e igualit\u00e1rio, o esporte cresceu ao superar as barreiras sociais e econ\u00f4micas, al\u00e9m do famigerado preconceito racial e social. No Dia do Futebol, uma troca de passes para relembrar fatos e momentos inesquec\u00edveis de&#8230;<!-- AddThis Advanced Settings generic via filter on wp_trim_excerpt --><!-- AddThis Share Buttons generic via filter on wp_trim_excerpt --><\/p>\n","protected":false},"author":17,"featured_media":54709,"comment_status":"closed","ping_status":"closed","sticky":false,"template":"","format":"standard","meta":{"_monsterinsights_skip_tracking":false,"_monsterinsights_sitenote_active":false,"_monsterinsights_sitenote_note":"","_monsterinsights_sitenote_category":0,"_uf_show_specific_survey":0,"_uf_disable_surveys":false,"footnotes":""},"categories":[1390],"tags":[2466,1899,2465,437,513,514,565,2464,46],"class_list":["post-54708","post","type-post","status-publish","format-standard","has-post-thumbnail","hentry","category-editorias","tag-campo-social","tag-estado-novo","tag-futebol","tag-getulio-vargas","tag-jango","tag-joao-goulart","tag-leonel-brizola","tag-paixao-nacional","tag-trabalhismo"],"acf":[],"_links":{"self":[{"href":"https:\/\/pdt-rj.org.br\/index.php\/wp-json\/wp\/v2\/posts\/54708","targetHints":{"allow":["GET"]}}],"collection":[{"href":"https:\/\/pdt-rj.org.br\/index.php\/wp-json\/wp\/v2\/posts"}],"about":[{"href":"https:\/\/pdt-rj.org.br\/index.php\/wp-json\/wp\/v2\/types\/post"}],"author":[{"embeddable":true,"href":"https:\/\/pdt-rj.org.br\/index.php\/wp-json\/wp\/v2\/users\/17"}],"replies":[{"embeddable":true,"href":"https:\/\/pdt-rj.org.br\/index.php\/wp-json\/wp\/v2\/comments?post=54708"}],"version-history":[{"count":3,"href":"https:\/\/pdt-rj.org.br\/index.php\/wp-json\/wp\/v2\/posts\/54708\/revisions"}],"predecessor-version":[{"id":54712,"href":"https:\/\/pdt-rj.org.br\/index.php\/wp-json\/wp\/v2\/posts\/54708\/revisions\/54712"}],"wp:featuredmedia":[{"embeddable":true,"href":"https:\/\/pdt-rj.org.br\/index.php\/wp-json\/wp\/v2\/media\/54709"}],"wp:attachment":[{"href":"https:\/\/pdt-rj.org.br\/index.php\/wp-json\/wp\/v2\/media?parent=54708"}],"wp:term":[{"taxonomy":"category","embeddable":true,"href":"https:\/\/pdt-rj.org.br\/index.php\/wp-json\/wp\/v2\/categories?post=54708"},{"taxonomy":"post_tag","embeddable":true,"href":"https:\/\/pdt-rj.org.br\/index.php\/wp-json\/wp\/v2\/tags?post=54708"}],"curies":[{"name":"wp","href":"https:\/\/api.w.org\/{rel}","templated":true}]}}