{"id":54689,"date":"2017-07-18T14:23:50","date_gmt":"2017-07-18T17:23:50","guid":{"rendered":"http:\/\/pdt-rj.org.br\/?p=54689"},"modified":"2017-08-06T01:30:12","modified_gmt":"2017-08-06T04:30:12","slug":"dia-internacional-nelson-mandela-brizolista-africano","status":"publish","type":"post","link":"https:\/\/pdt-rj.org.br\/index.php\/dia-internacional-nelson-mandela-brizolista-africano\/","title":{"rendered":"Dia Internacional Nelson Mandela \u2013 um brizolista africano"},"content":{"rendered":"<p>Paz, liberdade, justi\u00e7a e democracia. Valores que marcaram a trajet\u00f3ria do l\u00edder anti-apartheid e presidente da \u00c1frica do Sul de 1994 a 1999, Nelson Mandela. Hoje, no Dia Internacional criado pela Organiza\u00e7\u00e3o das Na\u00e7\u00f5es Unidas (ONU) para homenage\u00e1-lo, um alerta ecoa em dire\u00e7\u00e3o a um ponto central: o reincidente avan\u00e7o do preconceito.<\/p>\n<p>Considerado o mais importante representante da \u00c1frica Negra, era tido pelo governo sul-africano como um terrorista e passou quase tr\u00eas d\u00e9cadas na cadeia. Resistiu, superou e venceu junto com seu povo e seus ideais. Emblem\u00e1tico, conquistou, em 1993, o t\u00e3o merecido Pr\u00eamio Nobel da Paz.<\/p>\n<p>&#8220;N\u00f3s podemos mudar o mundo e torn\u00e1-lo um lugar melhor. Est\u00e1 em nossas m\u00e3os fazer a diferen\u00e7a\u201d, repetia Mandela.<\/p>\n<p>Em 1991, uma visita entrou para a hist\u00f3ria. Dois meses ap\u00f3s ser solto da pris\u00e3o, Mandela foi recepcionado pelo ent\u00e3o governador do Rio de Janeiro, Leonel Brizola, pedetista reconhecido pelo alinhamento em prol do mesmo objetivo principal: o desenvolvimento do povo.<\/p>\n<p>Ao conhecer a Pra\u00e7a da Apoteose, assistiu ao show de artistas como Martinho da Vila, Tim Maia, Leci Brand\u00e3o, Cidade Negra e Em\u00edlio Santiago, entre outros. Era a integra\u00e7\u00e3o com a felicidade de uma cultura t\u00e3o elogiada no exterior e que remete \u00e0s matrizes africanas, bases formadoras da miscigena\u00e7\u00e3o local.<\/p>\n<p>Para os brasileiros, o \u00edcone mobilizou a popula\u00e7\u00e3o e os movimentos negros, al\u00e9m de ter trazido a tem\u00e1tica da discrimina\u00e7\u00e3o racial para a vitrine de um pa\u00eds marcado pelo preconceito, mas formulado para deixar esse crime abomin\u00e1vel com atras transparentes nos debates da sociedade.<\/p>\n<p><strong>Pol\u00edtica<\/strong><\/p>\n<p>Presidente do Congresso Nacional Africano, Mandela tratou com o pedetista e outras lideran\u00e7as internacionais das alian\u00e7as e apoios necess\u00e1rios para conquistar, posteriormente, a vit\u00f3ria do primeiro negro na elei\u00e7\u00e3o presidencial da \u00c1frica do Sul.<\/p>\n<p>O sul-africano tamb\u00e9m defendia, na \u00e9poca, a manuten\u00e7\u00e3o das san\u00e7\u00f5es ao seu pa\u00eds &#8220;at\u00e9 que o apartheid n\u00e3o exista mais e todos tenham direito a voto&#8221;.<\/p>\n<p>Assista ao v\u00eddeo da visita do discurso de Nelson Mandela, ao lado de Brizola, no Rio de Janeiro:<\/p>\n<p><iframe loading=\"lazy\" title=\"Leonel Brizola recebe Nelson Mandela no Rio de Janeiro, em 1991\" width=\"640\" height=\"360\" src=\"https:\/\/www.youtube.com\/embed\/tRgmMwqUXhw?feature=oembed\" frameborder=\"0\" allow=\"accelerometer; autoplay; clipboard-write; encrypted-media; gyroscope; picture-in-picture; web-share\" referrerpolicy=\"strict-origin-when-cross-origin\" allowfullscreen><\/iframe><\/p>\n<!-- AddThis Advanced Settings generic via filter on the_content --><!-- AddThis Share Buttons generic via filter on the_content -->","protected":false},"excerpt":{"rendered":"<p>Paz, liberdade, justi\u00e7a e democracia. Valores que marcaram a trajet\u00f3ria do l\u00edder anti-apartheid e presidente da \u00c1frica do Sul de 1994 a 1999, Nelson Mandela. Hoje, no Dia Internacional criado pela Organiza\u00e7\u00e3o das Na\u00e7\u00f5es Unidas (ONU) para homenage\u00e1-lo, um alerta ecoa em dire\u00e7\u00e3o a um ponto central: o reincidente avan\u00e7o do preconceito. Considerado o mais&#8230;<!-- AddThis Advanced Settings generic via filter on wp_trim_excerpt --><!-- AddThis Share Buttons generic via filter on wp_trim_excerpt --><\/p>\n","protected":false},"author":17,"featured_media":54690,"comment_status":"closed","ping_status":"closed","sticky":false,"template":"","format":"standard","meta":{"_monsterinsights_skip_tracking":false,"_monsterinsights_sitenote_active":false,"_monsterinsights_sitenote_note":"","_monsterinsights_sitenote_category":0,"_uf_show_specific_survey":0,"_uf_disable_surveys":false,"footnotes":""},"categories":[1390],"tags":[],"class_list":["post-54689","post","type-post","status-publish","format-standard","has-post-thumbnail","hentry","category-editorias"],"acf":[],"_links":{"self":[{"href":"https:\/\/pdt-rj.org.br\/index.php\/wp-json\/wp\/v2\/posts\/54689","targetHints":{"allow":["GET"]}}],"collection":[{"href":"https:\/\/pdt-rj.org.br\/index.php\/wp-json\/wp\/v2\/posts"}],"about":[{"href":"https:\/\/pdt-rj.org.br\/index.php\/wp-json\/wp\/v2\/types\/post"}],"author":[{"embeddable":true,"href":"https:\/\/pdt-rj.org.br\/index.php\/wp-json\/wp\/v2\/users\/17"}],"replies":[{"embeddable":true,"href":"https:\/\/pdt-rj.org.br\/index.php\/wp-json\/wp\/v2\/comments?post=54689"}],"version-history":[{"count":6,"href":"https:\/\/pdt-rj.org.br\/index.php\/wp-json\/wp\/v2\/posts\/54689\/revisions"}],"predecessor-version":[{"id":54814,"href":"https:\/\/pdt-rj.org.br\/index.php\/wp-json\/wp\/v2\/posts\/54689\/revisions\/54814"}],"wp:featuredmedia":[{"embeddable":true,"href":"https:\/\/pdt-rj.org.br\/index.php\/wp-json\/wp\/v2\/media\/54690"}],"wp:attachment":[{"href":"https:\/\/pdt-rj.org.br\/index.php\/wp-json\/wp\/v2\/media?parent=54689"}],"wp:term":[{"taxonomy":"category","embeddable":true,"href":"https:\/\/pdt-rj.org.br\/index.php\/wp-json\/wp\/v2\/categories?post=54689"},{"taxonomy":"post_tag","embeddable":true,"href":"https:\/\/pdt-rj.org.br\/index.php\/wp-json\/wp\/v2\/tags?post=54689"}],"curies":[{"name":"wp","href":"https:\/\/api.w.org\/{rel}","templated":true}]}}