{"id":54608,"date":"2017-07-11T17:48:15","date_gmt":"2017-07-11T20:48:15","guid":{"rendered":"http:\/\/pdt-rj.org.br\/?p=54608"},"modified":"2017-07-17T15:05:09","modified_gmt":"2017-07-17T18:05:09","slug":"acampamento-socialista-mobiliza-juventude-do-rio-de-janeiro","status":"publish","type":"post","link":"https:\/\/pdt-rj.org.br\/index.php\/acampamento-socialista-mobiliza-juventude-do-rio-de-janeiro\/","title":{"rendered":"Acampamento Socialista mobiliza juventude do Rio de Janeiro"},"content":{"rendered":"<p>Sem mesa ou plateia. Foi assim, com um formato que privilegiou a integra\u00e7\u00e3o e o di\u00e1logo, que a Juventude Socialista (JS) da cidade do Rio de Janeiro, realizou o primeiro Acampamento Socialista. Coordenado pelo presidente da JS carioca, William Rodrigues,\u00a0o evento aconteceu no \u00faltimo fim de semana, com a\u00a0participa\u00e7\u00e3o do ex-ministro do Trabalho e Emprego, Brizola Neto.<\/p>\n<p>O acampamento foi composto por \u00a0pain\u00e9is que provocaram debates baseados em um amplo programa de estudos, tendo no papel de facilitadores, o presidente nacional da JS licenciado e vice-presidente estadual da Funda\u00e7\u00e3o Leonel Brizola \u2013 Alberto Pasqualini (FLB-AP), Everton Gomes, e do presidente estadual da JS, Luis Moreira, como facilitadores, .<\/p>\n<p>Ao todo, os pedetistas participaram, por mais de 12 horas, de atividades concentradas sobre forma\u00e7\u00e3o pol\u00edtica, divididas entre mem\u00f3ria do Trabalhismo, hist\u00f3ria da juventude, ideologias e forma\u00e7\u00e3o dos n\u00facleos de base. Al\u00e9m de garantir a necess\u00e1ria troca de viv\u00eancias, a iniciativa gerou um extrato que ser\u00e1 sistematizado em um programa de a\u00e7\u00f5es para o segundo semestre deste ano.<\/p>\n<p>&#8220;A tarefa fundamental \u00e9 ganhar cora\u00e7\u00f5es e mentes para nossa causa. O Acampamento Socialista qualificou essa juventude para avan\u00e7ar&#8221;, garantiu William Rodrigues.<\/p>\n<p>Para Everton Gomes , a luta pol\u00edtica se d\u00e1 cada di\u00e1ria nas cidades, com pautas locais e cotidianas.<\/p>\n<p>\u201cA juventude quer ser ouvida e o processo de forma\u00e7\u00e3o pol\u00edtica \u00e9 fundamental para dar consequ\u00eancia a tudo isso&#8221;, analisou.<br \/>\nJ\u00e1 o presidente Estadual da JS, Luis Moreira, exaltou o interesse dos filiados. &#8220;A expectativa para um novo modelo de forma\u00e7\u00e3o pol\u00edtica era grande. Deu certo e vamos levar para o interior&#8221;, afirmou.<\/p>\n<p>Segundo os militantes, a proposta motiva para os pr\u00f3ximos passos dentro do movimento. &#8220;Fico muito feliz de participar de atividades como essa e encontrar uma galera que pensa como eu, pois tem sede de conhecimento e escolheu o Brizolismo como causa&#8221;, comentou Natalia Moraes, estudante e militante da JS.<\/p>\n<p>&#8220;A rela\u00e7\u00e3o que temos enquanto militantes \u00e9 fundamental. O acampamento refor\u00e7a nossos la\u00e7os de fraternidade e solidariedade&#8221;, complementou Thiago Veras, estudante e militante da JS.<\/p>\n<!-- AddThis Advanced Settings generic via filter on the_content --><!-- AddThis Share Buttons generic via filter on the_content -->","protected":false},"excerpt":{"rendered":"<p>Sem mesa ou plateia. Foi assim, com um formato que privilegiou a integra\u00e7\u00e3o e o di\u00e1logo, que a Juventude Socialista (JS) da cidade do Rio de Janeiro, realizou o primeiro Acampamento Socialista. Coordenado pelo presidente da JS carioca, William Rodrigues,\u00a0o evento aconteceu no \u00faltimo fim de semana, com a\u00a0participa\u00e7\u00e3o do ex-ministro do Trabalho e Emprego,&#8230;<!-- AddThis Advanced Settings generic via filter on wp_trim_excerpt --><!-- AddThis Share Buttons generic via filter on wp_trim_excerpt --><\/p>\n","protected":false},"author":17,"featured_media":54610,"comment_status":"closed","ping_status":"closed","sticky":false,"template":"","format":"standard","meta":{"_monsterinsights_skip_tracking":false,"_monsterinsights_sitenote_active":false,"_monsterinsights_sitenote_note":"","_monsterinsights_sitenote_category":0,"_uf_show_specific_survey":0,"_uf_disable_surveys":false,"footnotes":""},"categories":[1390,1586,1397],"tags":[2445,2446,408,426,530,539,46],"class_list":["post-54608","post","type-post","status-publish","format-standard","has-post-thumbnail","hentry","category-editorias","category-juventude-socialista","category-movimentos","tag-acampamento-socialista","tag-brizolismo","tag-flb-ap","tag-fundacao-leonel-brizola-alberto-pasqualini","tag-js","tag-juventude-socialista","tag-trabalhismo"],"acf":[],"_links":{"self":[{"href":"https:\/\/pdt-rj.org.br\/index.php\/wp-json\/wp\/v2\/posts\/54608","targetHints":{"allow":["GET"]}}],"collection":[{"href":"https:\/\/pdt-rj.org.br\/index.php\/wp-json\/wp\/v2\/posts"}],"about":[{"href":"https:\/\/pdt-rj.org.br\/index.php\/wp-json\/wp\/v2\/types\/post"}],"author":[{"embeddable":true,"href":"https:\/\/pdt-rj.org.br\/index.php\/wp-json\/wp\/v2\/users\/17"}],"replies":[{"embeddable":true,"href":"https:\/\/pdt-rj.org.br\/index.php\/wp-json\/wp\/v2\/comments?post=54608"}],"version-history":[{"count":5,"href":"https:\/\/pdt-rj.org.br\/index.php\/wp-json\/wp\/v2\/posts\/54608\/revisions"}],"predecessor-version":[{"id":54680,"href":"https:\/\/pdt-rj.org.br\/index.php\/wp-json\/wp\/v2\/posts\/54608\/revisions\/54680"}],"wp:featuredmedia":[{"embeddable":true,"href":"https:\/\/pdt-rj.org.br\/index.php\/wp-json\/wp\/v2\/media\/54610"}],"wp:attachment":[{"href":"https:\/\/pdt-rj.org.br\/index.php\/wp-json\/wp\/v2\/media?parent=54608"}],"wp:term":[{"taxonomy":"category","embeddable":true,"href":"https:\/\/pdt-rj.org.br\/index.php\/wp-json\/wp\/v2\/categories?post=54608"},{"taxonomy":"post_tag","embeddable":true,"href":"https:\/\/pdt-rj.org.br\/index.php\/wp-json\/wp\/v2\/tags?post=54608"}],"curies":[{"name":"wp","href":"https:\/\/api.w.org\/{rel}","templated":true}]}}