{"id":54601,"date":"2017-07-10T18:44:49","date_gmt":"2017-07-10T21:44:49","guid":{"rendered":"http:\/\/pdt-rj.org.br\/?p=54601"},"modified":"2017-07-10T18:48:16","modified_gmt":"2017-07-10T21:48:16","slug":"roberto-claudio-assina-documento-da-onu-com-metas-para-fim-da-epidemia-de-aids","status":"publish","type":"post","link":"https:\/\/pdt-rj.org.br\/index.php\/roberto-claudio-assina-documento-da-onu-com-metas-para-fim-da-epidemia-de-aids\/","title":{"rendered":"Roberto Cl\u00e1udio assina termo da ONU que estipula metas para o fim da epidemia de Aids"},"content":{"rendered":"<p>O prefeito de Fortaleza (CE) Roberto Cl\u00e1udio (PDT) assinou um termo da Organiza\u00e7\u00e3o das Na\u00e7\u00f5es Unidas (ONU) que define metas de tratamento que contribuam para o fim da epidemia de Aids. A subscri\u00e7\u00e3o do documento, que prev\u00ea a garantia de atendimento a todas as pessoas portadoras da doen\u00e7a, foi feita nesta segunda-feira (10), na Frente Nacional dos Prefeitos (FNP), em Campinas (SP).<\/p>\n<p>De acordo com a ONU, se alcan\u00e7adas, as metas permitir\u00e3o que, at\u00e9 2020, 90% de todas as pessoas vivendo com HIV tenham acesso ao diagn\u00f3stico; que at\u00e9 2020, 90% de todas as pessoas com infec\u00e7\u00e3o pelo HIV diagnosticada receber\u00e3o terapia antirretroviral ininterruptamente e que, at\u00e9 2020, 90% de todas as pessoas recebendo terapia antirretroviral tenham supress\u00e3o viral.<\/p>\n<p><b>Telecomunica\u00e7\u00f5es<\/b><\/p>\n<p>Outro tema tratado durante a reuni\u00e3o, conduzida pelo presidente da FNP, Jonas Donizette, prefeito de Campinas, foi a legisla\u00e7\u00e3o que trata de normas urban\u00edsticas para a instala\u00e7\u00e3o de infraestrutura para equipamentos de telecomunica\u00e7\u00f5es autorizados pela Ag\u00eancia Nacional de Telecomunica\u00e7\u00f5es (Anatel).<\/p>\n<p>Nesse assunto, a legisla\u00e7\u00e3o aprovada em Fortaleza e que foi sancionada pelo prefeito Roberto Claudio, em maio deste ano, em uma das que est\u00e1 servindo de base para o debate entre a FNP e as empresas de telecomunica\u00e7\u00f5es.<\/p>\n<p>&#8220;\u00c9 muito importante que esse assunto possa ter uma diretriz geral da Frente, ancorada na pr\u00f3pria Lei federal, mas h\u00e1 que se considerar a diversidade e as particularidades de cada um dos nossos munic\u00edpios&#8221;, disse o prefeito Roberto Claudio, destacando que a conectividade nas cidades brasileiras, inclusive para a efici\u00eancia e usufruto das pol\u00edticas p\u00fablicas, depende dos investimentos das empresas de telecomunica\u00e7\u00f5es e a nossa tarefa \u00e9 cuidar que isso efetivamente ocorra.<\/p>\n<p>&#8220;Estamos inovando com essa legisla\u00e7\u00e3o e, ainda no m\u00eas de outubro ou novembro, j\u00e1 deveremos estar com o servi\u00e7o de licenciamento online&#8221;, concluiu o prefeito.<\/p>\n<p>Na programa\u00e7\u00e3o desta ter\u00e7a-feira (11), Fortaleza apresentar\u00e1 as conquistas na pol\u00edtica municipal de redu\u00e7\u00e3o de gases de efeito estufa. A coordenadora de Pol\u00edticas Ambientais da Secretaria de Urbanismo e Meio Ambiente (Seuma), Edilene Oliveira, participa de painel ao lado de representantes das Prefeituras de Belo Horizonte e Recife.<\/p>\n<!-- AddThis Advanced Settings generic via filter on the_content --><!-- AddThis Share Buttons generic via filter on the_content -->","protected":false},"excerpt":{"rendered":"<p>O prefeito de Fortaleza (CE) Roberto Cl\u00e1udio (PDT) assinou um termo da Organiza\u00e7\u00e3o das Na\u00e7\u00f5es Unidas (ONU) que define metas de tratamento que contribuam para o fim da epidemia de Aids. A subscri\u00e7\u00e3o do documento, que prev\u00ea a garantia de atendimento a todas as pessoas portadoras da doen\u00e7a, foi feita nesta segunda-feira (10), na Frente&#8230;<!-- AddThis Advanced Settings generic via filter on wp_trim_excerpt --><!-- AddThis Share Buttons generic via filter on wp_trim_excerpt --><\/p>\n","protected":false},"author":17,"featured_media":54602,"comment_status":"closed","ping_status":"closed","sticky":false,"template":"","format":"standard","meta":{"_monsterinsights_skip_tracking":false,"_monsterinsights_sitenote_active":false,"_monsterinsights_sitenote_note":"","_monsterinsights_sitenote_category":0,"_uf_show_specific_survey":0,"_uf_disable_surveys":false,"footnotes":""},"categories":[1390],"tags":[2444,2443,1403,38,836],"class_list":["post-54601","post","type-post","status-publish","format-standard","has-post-thumbnail","hentry","category-editorias","tag-campinas-sp","tag-epidemia-de-aids","tag-fortaleza-ce","tag-pdt","tag-roberto-claudio"],"acf":[],"_links":{"self":[{"href":"https:\/\/pdt-rj.org.br\/index.php\/wp-json\/wp\/v2\/posts\/54601","targetHints":{"allow":["GET"]}}],"collection":[{"href":"https:\/\/pdt-rj.org.br\/index.php\/wp-json\/wp\/v2\/posts"}],"about":[{"href":"https:\/\/pdt-rj.org.br\/index.php\/wp-json\/wp\/v2\/types\/post"}],"author":[{"embeddable":true,"href":"https:\/\/pdt-rj.org.br\/index.php\/wp-json\/wp\/v2\/users\/17"}],"replies":[{"embeddable":true,"href":"https:\/\/pdt-rj.org.br\/index.php\/wp-json\/wp\/v2\/comments?post=54601"}],"version-history":[{"count":3,"href":"https:\/\/pdt-rj.org.br\/index.php\/wp-json\/wp\/v2\/posts\/54601\/revisions"}],"predecessor-version":[{"id":54605,"href":"https:\/\/pdt-rj.org.br\/index.php\/wp-json\/wp\/v2\/posts\/54601\/revisions\/54605"}],"wp:featuredmedia":[{"embeddable":true,"href":"https:\/\/pdt-rj.org.br\/index.php\/wp-json\/wp\/v2\/media\/54602"}],"wp:attachment":[{"href":"https:\/\/pdt-rj.org.br\/index.php\/wp-json\/wp\/v2\/media?parent=54601"}],"wp:term":[{"taxonomy":"category","embeddable":true,"href":"https:\/\/pdt-rj.org.br\/index.php\/wp-json\/wp\/v2\/categories?post=54601"},{"taxonomy":"post_tag","embeddable":true,"href":"https:\/\/pdt-rj.org.br\/index.php\/wp-json\/wp\/v2\/tags?post=54601"}],"curies":[{"name":"wp","href":"https:\/\/api.w.org\/{rel}","templated":true}]}}