{"id":54592,"date":"2017-07-10T09:51:20","date_gmt":"2017-07-10T12:51:20","guid":{"rendered":"http:\/\/pdt-rj.org.br\/?p=54592"},"modified":"2017-08-09T19:12:58","modified_gmt":"2017-08-09T22:12:58","slug":"pdt-e-partido-comunista-da-china-fortalecem-parceria-e-discutem-candidatura-de-ciro","status":"publish","type":"post","link":"https:\/\/pdt-rj.org.br\/index.php\/pdt-e-partido-comunista-da-china-fortalecem-parceria-e-discutem-candidatura-de-ciro\/","title":{"rendered":"PDT e Partido Comunista da China debatem candidatura de Ciro e fortalecem parceria"},"content":{"rendered":"<p>O PDT e Partido Comunista da China (PCCh) promoveram nesse s\u00e1bado (8), no Rio de Janeiro, uma reuni\u00e3o para debater a crise econ\u00f4mica e pol\u00edtica do Brasil, a import\u00e2ncia da candidatura de Ciro Gomes, em 2018, al\u00e9m da integra\u00e7\u00e3o das institui\u00e7\u00f5es com foco no desenvolvimento social.<\/p>\n<p>Liderado pelo secret\u00e1rio-geral do PDT, Manoel Dias, e pelo secret\u00e1rio do Secretariado do Comit\u00ea Central do partido chin\u00eas, Du Qinglin, o encontro ratificou o alerta para a instabilidade gerada pelo governo do presidente Michel Temer e o consequente impacto negativo gerado no cen\u00e1rio macroecon\u00f4mico.<\/p>\n<p>Ao reafirmar a import\u00e2ncia da candidatura de Ciro Gomes a presidente da Rep\u00fablica, Dias confirmou a necessidade de defesa da soberania e das riquezas nacionais, que s\u00e3o fundamentais, segundo ele, para garantir a retomada do crescimento e da independ\u00eancia do pa\u00eds.<\/p>\n<p>\u201cTudo o que for entregue pelo Temer, e atente contra a na\u00e7\u00e3o, ser\u00e1 reestatizado no futuro governo do Ciro\u201d, garantiu o pedetista, que tamb\u00e9m \u00e9 presidente da Funda\u00e7\u00e3o Leonel Brizola \u2013 Alberto Pasqualini (FLB-AP) e estava acompanhado do secret\u00e1rio-adjunto do PDT, Andr\u00e9 Menegotto e do vice-presiente estadual da sigla brasileira, Jos\u00e9 Bonif\u00e1cio<\/p>\n<p>\u201cO nosso pa\u00eds tem uma posi\u00e7\u00e3o estrat\u00e9gica na Am\u00e9rica Latina. Devemos buscar aliados, como a China, que fa\u00e7am a contraposi\u00e7\u00e3o aos Estados Unidos e executem a necess\u00e1ria posi\u00e7\u00e3o independente ao governo Trump\u201d, complementou, ao defender o compromisso com uma na\u00e7\u00e3o justa, democr\u00e1tica e socialista, que ficou claro desde a pioneira visita de Jo\u00e3o Goulart, ent\u00e3o vice-presidente do Brasil, em 1961.<\/p>\n<p>Segundo Du Qinglin, h\u00e1 mais de 20 anos ele percebe o vigor do povo brasileiro e isso deixou uma profunda impress\u00e3o positiva. \u201cOs jogos ol\u00edmpicos mostraram para todo mundo a cultura e concep\u00e7\u00e3o de unidade da na\u00e7\u00e3o. Isso foi muito apreciado\u201d, disse, ao ratificar o interesse do interc\u00e2mbio de opini\u00f5es sobre os partidos e as quest\u00f5es de interesse comum.<\/p>\n<p>Para o representante do PCCh, o Brasil \u201c\u00e9 um bom parceiro e amigo para confiar\u201d, al\u00e9m de \u201cbom companheiro para promover o estabelecimento de uma ordem mundial mais justa e razo\u00e1vel\u201d, comentou, ao remeter a atua\u00e7\u00e3o brasileira na ONU, no grupo dos Brics e no G20, que re\u00fanem as maiores economias do planeta.<\/p>\n<p>Ao exaltar que o PDT sempre desempenhou uma relevante atua\u00e7\u00e3o na hist\u00f3ria brasileira, Du Qinglin relembrou, ainda, o legado de Leonel Brizola, que, para ele, \u201csempre foi um amigo do povo chin\u00eas\u201d.<\/p>\n<p>\u201cOs partidos t\u00eam semelhan\u00e7as nas ideologias. Com base nos princ\u00edpios de independ\u00eancia, estamos totalmente dispostos a fortalecer o interc\u00e2mbio, o conhecimento e a confian\u00e7a\u201d, declarou Du Qinglin, ao formalizar o convite para que os pedetistas participem do 19\u00ba congresso do partido chin\u00eas, que ocorrer\u00e1 no segundo semestre deste ano.<\/p>\n<!-- AddThis Advanced Settings generic via filter on the_content --><!-- AddThis Share Buttons generic via filter on the_content -->","protected":false},"excerpt":{"rendered":"<p>O PDT e Partido Comunista da China (PCCh) promoveram nesse s\u00e1bado (8), no Rio de Janeiro, uma reuni\u00e3o para debater a crise econ\u00f4mica e pol\u00edtica do Brasil, a import\u00e2ncia da candidatura de Ciro Gomes, em 2018, al\u00e9m da integra\u00e7\u00e3o das institui\u00e7\u00f5es com foco no desenvolvimento social. Liderado pelo secret\u00e1rio-geral do PDT, Manoel Dias, e pelo&#8230;<!-- AddThis Advanced Settings generic via filter on wp_trim_excerpt --><!-- AddThis Share Buttons generic via filter on wp_trim_excerpt --><\/p>\n","protected":false},"author":17,"featured_media":54593,"comment_status":"closed","ping_status":"closed","sticky":false,"template":"","format":"standard","meta":{"_monsterinsights_skip_tracking":false,"_monsterinsights_sitenote_active":false,"_monsterinsights_sitenote_note":"","_monsterinsights_sitenote_category":0,"_uf_show_specific_survey":0,"_uf_disable_surveys":false,"footnotes":""},"categories":[1390],"tags":[220,2442,591,67,1365,2440,2441,38],"class_list":["post-54592","post","type-post","status-publish","format-standard","has-post-thumbnail","hentry","category-editorias","tag-ciro-gomes","tag-du-qinglin","tag-manoel-dias","tag-onu","tag-organizacao-das-nacoes-unidas","tag-partido-comunista-da-china","tag-pcch","tag-pdt"],"acf":[],"_links":{"self":[{"href":"https:\/\/pdt-rj.org.br\/index.php\/wp-json\/wp\/v2\/posts\/54592","targetHints":{"allow":["GET"]}}],"collection":[{"href":"https:\/\/pdt-rj.org.br\/index.php\/wp-json\/wp\/v2\/posts"}],"about":[{"href":"https:\/\/pdt-rj.org.br\/index.php\/wp-json\/wp\/v2\/types\/post"}],"author":[{"embeddable":true,"href":"https:\/\/pdt-rj.org.br\/index.php\/wp-json\/wp\/v2\/users\/17"}],"replies":[{"embeddable":true,"href":"https:\/\/pdt-rj.org.br\/index.php\/wp-json\/wp\/v2\/comments?post=54592"}],"version-history":[{"count":7,"href":"https:\/\/pdt-rj.org.br\/index.php\/wp-json\/wp\/v2\/posts\/54592\/revisions"}],"predecessor-version":[{"id":54840,"href":"https:\/\/pdt-rj.org.br\/index.php\/wp-json\/wp\/v2\/posts\/54592\/revisions\/54840"}],"wp:featuredmedia":[{"embeddable":true,"href":"https:\/\/pdt-rj.org.br\/index.php\/wp-json\/wp\/v2\/media\/54593"}],"wp:attachment":[{"href":"https:\/\/pdt-rj.org.br\/index.php\/wp-json\/wp\/v2\/media?parent=54592"}],"wp:term":[{"taxonomy":"category","embeddable":true,"href":"https:\/\/pdt-rj.org.br\/index.php\/wp-json\/wp\/v2\/categories?post=54592"},{"taxonomy":"post_tag","embeddable":true,"href":"https:\/\/pdt-rj.org.br\/index.php\/wp-json\/wp\/v2\/tags?post=54592"}],"curies":[{"name":"wp","href":"https:\/\/api.w.org\/{rel}","templated":true}]}}