{"id":54583,"date":"2017-07-07T18:23:30","date_gmt":"2017-07-07T21:23:30","guid":{"rendered":"http:\/\/pdt-rj.org.br\/?p=54583"},"modified":"2017-07-07T18:50:32","modified_gmt":"2017-07-07T21:50:32","slug":"pdt-pede-ao-stf-suspensao-de-tramitacao-acelerado-da-denuncia-contra-temer","status":"publish","type":"post","link":"https:\/\/pdt-rj.org.br\/index.php\/pdt-pede-ao-stf-suspensao-de-tramitacao-acelerado-da-denuncia-contra-temer\/","title":{"rendered":"PDT aciona STF para suspender tramita\u00e7\u00e3o acelerada da den\u00fancia contra Temer na C\u00e2mara"},"content":{"rendered":"<p>Os deputados federais Andr\u00e9 Figueiredo e Afonso Motta, ambos do PDT, ingressaram na noite dessa quinta-feira (07), no Supremo Tribunal Federal (STF), com um mandado de seguran\u00e7a para interromper o rito acelerado de vota\u00e7\u00e3o do pedido de autoriza\u00e7\u00e3o para processar o presidente Michel Temer por corrup\u00e7\u00e3o ativa.<\/p>\n<p>A medida contesta a decis\u00e3o do presidente da Comiss\u00e3o de Constitui\u00e7\u00e3o e Justi\u00e7a e de Cidadania (CCJ), deputado Rodrigo Pacheco (PMDB-MG), de n\u00e3o acatar os requerimentos que pediam a presen\u00e7a do procurador-geral da Rep\u00fablica, Rodrigo Janot, para defender sua den\u00fancia contra Michel Temer, junto ao STF.<\/p>\n<p>Outros 17 requerimentos pediam tamb\u00e9m para ouvir os delatores Joesley Batista, Ricardo Saud, L\u00facio Funaro, o homem da mala Rodrigo da Rocha Loures, e Geddel Vieira Lima, entre outros.<\/p>\n<p>Os deputados alegam que a decis\u00e3o do presidente da CCJC, Rodrigo Pacheco, \u00e9 ilegal por n\u00e3o levar \u00e0 aprecia\u00e7\u00e3o dos deputados membros da Comiss\u00e3o o cronograma de tramita\u00e7\u00e3o, incorrendo assim em abuso de poder por desvio de finalidade, j\u00e1 que o real objetivo de uma decis\u00e3o unilateral de Rodrigo Pacheco \u00e9, na verdade, evitar mudan\u00e7as no cronograma definido e desejado por ele pr\u00f3prio. Pacheco \u00e9 deputado da base aliada do governo e do mesmo partido de Temer.<\/p>\n<p>O PDT requer a suspens\u00e3o do rito de tramita\u00e7\u00e3o do pedido de autoriza\u00e7\u00e3o at\u00e9 que a CCJC vote os requerimentos apresentados e que ocorram todas as audi\u00eancias de depoimentos e dilig\u00eancias aprovadas. Como o Supremo est\u00e1 em recesso, a decis\u00e3o caber\u00e1 \u00e0 ministra presidente Carmen L\u00facia.<\/p>\n<!-- AddThis Advanced Settings generic via filter on the_content --><!-- AddThis Share Buttons generic via filter on the_content -->","protected":false},"excerpt":{"rendered":"<p>Os deputados federais Andr\u00e9 Figueiredo e Afonso Motta, ambos do PDT, ingressaram na noite dessa quinta-feira (07), no Supremo Tribunal Federal (STF), com um mandado de seguran\u00e7a para interromper o rito acelerado de vota\u00e7\u00e3o do pedido de autoriza\u00e7\u00e3o para processar o presidente Michel Temer por corrup\u00e7\u00e3o ativa. A medida contesta a decis\u00e3o do presidente da&#8230;<!-- AddThis Advanced Settings generic via filter on wp_trim_excerpt --><!-- AddThis Share Buttons generic via filter on wp_trim_excerpt --><\/p>\n","protected":false},"author":17,"featured_media":53694,"comment_status":"closed","ping_status":"closed","sticky":false,"template":"","format":"standard","meta":{"_monsterinsights_skip_tracking":false,"_monsterinsights_sitenote_active":false,"_monsterinsights_sitenote_note":"","_monsterinsights_sitenote_category":0,"_uf_show_specific_survey":0,"_uf_disable_surveys":false,"footnotes":""},"categories":[976],"tags":[96,34,2439,38],"class_list":["post-54583","post","type-post","status-publish","format-standard","has-post-thumbnail","hentry","category-noticias-em-destaque","tag-afonso-motta","tag-andre-figueiredo","tag-denuncia-contra-temer","tag-pdt"],"acf":[],"_links":{"self":[{"href":"https:\/\/pdt-rj.org.br\/index.php\/wp-json\/wp\/v2\/posts\/54583","targetHints":{"allow":["GET"]}}],"collection":[{"href":"https:\/\/pdt-rj.org.br\/index.php\/wp-json\/wp\/v2\/posts"}],"about":[{"href":"https:\/\/pdt-rj.org.br\/index.php\/wp-json\/wp\/v2\/types\/post"}],"author":[{"embeddable":true,"href":"https:\/\/pdt-rj.org.br\/index.php\/wp-json\/wp\/v2\/users\/17"}],"replies":[{"embeddable":true,"href":"https:\/\/pdt-rj.org.br\/index.php\/wp-json\/wp\/v2\/comments?post=54583"}],"version-history":[{"count":3,"href":"https:\/\/pdt-rj.org.br\/index.php\/wp-json\/wp\/v2\/posts\/54583\/revisions"}],"predecessor-version":[{"id":54591,"href":"https:\/\/pdt-rj.org.br\/index.php\/wp-json\/wp\/v2\/posts\/54583\/revisions\/54591"}],"wp:featuredmedia":[{"embeddable":true,"href":"https:\/\/pdt-rj.org.br\/index.php\/wp-json\/wp\/v2\/media\/53694"}],"wp:attachment":[{"href":"https:\/\/pdt-rj.org.br\/index.php\/wp-json\/wp\/v2\/media?parent=54583"}],"wp:term":[{"taxonomy":"category","embeddable":true,"href":"https:\/\/pdt-rj.org.br\/index.php\/wp-json\/wp\/v2\/categories?post=54583"},{"taxonomy":"post_tag","embeddable":true,"href":"https:\/\/pdt-rj.org.br\/index.php\/wp-json\/wp\/v2\/tags?post=54583"}],"curies":[{"name":"wp","href":"https:\/\/api.w.org\/{rel}","templated":true}]}}