{"id":54510,"date":"2017-06-29T18:47:14","date_gmt":"2017-06-29T21:47:14","guid":{"rendered":"http:\/\/pdt-rj.org.br\/?p=54510"},"modified":"2017-06-29T18:50:22","modified_gmt":"2017-06-29T21:50:22","slug":"greve-geral-pdt-convoca-trabalhadores-para-combater-reformas-trabalhista-e-previdenciaria","status":"publish","type":"post","link":"https:\/\/pdt-rj.org.br\/index.php\/greve-geral-pdt-convoca-trabalhadores-para-combater-reformas-trabalhista-e-previdenciaria\/","title":{"rendered":"Greve geral: PDT convoca trabalhadores para combater as reformas trabalhista e previdenci\u00e1ria"},"content":{"rendered":"<p>\u201cO mais grave \u00e9 que nem a ditadura (militar), que tinha o poder de vida e morte, decretou o fim da CLT\u201d, alertou o secret\u00e1rio-geral do PDT e presidente da Funda\u00e7\u00e3o Leonel Brizola \u2013 Alberto Pasqualini (FLB-AP), Manoel Dias, ao convocar os trabalhadores para a greve geral contra as reformas trabalhista e previdenci\u00e1ria. Com o apoio de sindicatos e centrais sindicais, a mobiliza\u00e7\u00e3o, que ser\u00e1 realizada nesta sexta-feira (30), em todo o Brasil, tamb\u00e9m pedir\u00e1 a sa\u00edda de Michel Temer da presid\u00eancia da Rep\u00fablica.<\/p>\n<p>\u201cN\u00f3s temos agora, dia 30, uma greve geral de protesto contra o golpe e nosso partido est\u00e1 conclamando. N\u00f3s queremos que as nossas funda\u00e7\u00f5es no Brasil inteiro e os companheiros dos n\u00facleos de base participem ativamente para mostrar a inconformidade da popula\u00e7\u00e3o com este governo e com as medidas que eles est\u00e3o propondo\u201d, comentou Dias, que foi ministro do Trabalho e Emprego.<\/p>\n<p>Ao criticar a aprova\u00e7\u00e3o ontem (28), pela Comiss\u00e3o de Constitui\u00e7\u00e3o e Justi\u00e7a do Senado, do relat\u00f3rio de Romero Juc\u00e1 (PMDB-RR), que \u00e9 favor\u00e1vel \u00e0 reforma trabalhista e n\u00e3o apresentou nenhuma altera\u00e7\u00e3o sobre o texto oriundo da C\u00e2mara dos Deputados, Dias indicou que a CLT foi um marco decisivo e fundamental na constru\u00e7\u00e3o do Brasil moderno. \u201cPermitiu que os trabalhadores tivessem, mal ou bem, uma reserva de direitos\u201d, lembrou.<\/p>\n<p>Para ele, \u00e9 natural que reformas tenham que ser feitas. \u201cO mundo \u00e9 din\u00e2mico, muda, mas essas reformas n\u00e3o podem mexer na ess\u00eancia, que \u00e9 a preserva\u00e7\u00e3o dos direitos dos trabalhadores\u201d, completou.<\/p>\n<p>Sobre o patrim\u00f4nio p\u00fablico, o pedetista ponderou ainda que as medidas de Temer seguem entregando as riquezas da na\u00e7\u00e3o. \u201c\u00c9 a demonstra\u00e7\u00e3o do que o golpe representou contra os interesses do nosso pa\u00eds. Dentro desse projeto est\u00e1 dilapida\u00e7\u00e3o do patrim\u00f4nio p\u00fablico, como a venda da Petrobras, Correios e outras empresas que s\u00e3o fundamentais para o desenvolvimento nacional\u201d, concluiu, ressaltando a necessidade de manter a soberania do Brasil.<\/p>\n<!-- AddThis Advanced Settings generic via filter on the_content --><!-- AddThis Share Buttons generic via filter on the_content -->","protected":false},"excerpt":{"rendered":"<p>\u201cO mais grave \u00e9 que nem a ditadura (militar), que tinha o poder de vida e morte, decretou o fim da CLT\u201d, alertou o secret\u00e1rio-geral do PDT e presidente da Funda\u00e7\u00e3o Leonel Brizola \u2013 Alberto Pasqualini (FLB-AP), Manoel Dias, ao convocar os trabalhadores para a greve geral contra as reformas trabalhista e previdenci\u00e1ria. Com o&#8230;<!-- AddThis Advanced Settings generic via filter on wp_trim_excerpt --><!-- AddThis Share Buttons generic via filter on wp_trim_excerpt --><\/p>\n","protected":false},"author":17,"featured_media":54511,"comment_status":"closed","ping_status":"closed","sticky":false,"template":"","format":"standard","meta":{"_monsterinsights_skip_tracking":false,"_monsterinsights_sitenote_active":false,"_monsterinsights_sitenote_note":"","_monsterinsights_sitenote_category":0,"_uf_show_specific_survey":0,"_uf_disable_surveys":false,"footnotes":""},"categories":[1390],"tags":[453,591,38,2427],"class_list":["post-54510","post","type-post","status-publish","format-standard","has-post-thumbnail","hentry","category-editorias","tag-greve-geral","tag-manoel-dias","tag-pdt","tag-reformas"],"acf":[],"_links":{"self":[{"href":"https:\/\/pdt-rj.org.br\/index.php\/wp-json\/wp\/v2\/posts\/54510","targetHints":{"allow":["GET"]}}],"collection":[{"href":"https:\/\/pdt-rj.org.br\/index.php\/wp-json\/wp\/v2\/posts"}],"about":[{"href":"https:\/\/pdt-rj.org.br\/index.php\/wp-json\/wp\/v2\/types\/post"}],"author":[{"embeddable":true,"href":"https:\/\/pdt-rj.org.br\/index.php\/wp-json\/wp\/v2\/users\/17"}],"replies":[{"embeddable":true,"href":"https:\/\/pdt-rj.org.br\/index.php\/wp-json\/wp\/v2\/comments?post=54510"}],"version-history":[{"count":2,"href":"https:\/\/pdt-rj.org.br\/index.php\/wp-json\/wp\/v2\/posts\/54510\/revisions"}],"predecessor-version":[{"id":54513,"href":"https:\/\/pdt-rj.org.br\/index.php\/wp-json\/wp\/v2\/posts\/54510\/revisions\/54513"}],"wp:featuredmedia":[{"embeddable":true,"href":"https:\/\/pdt-rj.org.br\/index.php\/wp-json\/wp\/v2\/media\/54511"}],"wp:attachment":[{"href":"https:\/\/pdt-rj.org.br\/index.php\/wp-json\/wp\/v2\/media?parent=54510"}],"wp:term":[{"taxonomy":"category","embeddable":true,"href":"https:\/\/pdt-rj.org.br\/index.php\/wp-json\/wp\/v2\/categories?post=54510"},{"taxonomy":"post_tag","embeddable":true,"href":"https:\/\/pdt-rj.org.br\/index.php\/wp-json\/wp\/v2\/tags?post=54510"}],"curies":[{"name":"wp","href":"https:\/\/api.w.org\/{rel}","templated":true}]}}