{"id":54502,"date":"2017-06-28T19:08:14","date_gmt":"2017-06-28T22:08:14","guid":{"rendered":"http:\/\/pdt-rj.org.br\/?p=54502"},"modified":"2017-07-05T16:45:16","modified_gmt":"2017-07-05T19:45:16","slug":"frente-pelas-diretas-ja-se-reune-para-definir-proximas-acoes","status":"publish","type":"post","link":"https:\/\/pdt-rj.org.br\/index.php\/frente-pelas-diretas-ja-se-reune-para-definir-proximas-acoes\/","title":{"rendered":"Frente pelas Diretas J\u00e1 se re\u00fane para definir pr\u00f3ximas a\u00e7\u00f5es"},"content":{"rendered":"<p>Representantes da Frente Parlamentar Suprapartid\u00e1ria pelas Diretas J\u00e1 se reuniram na tarde desta ter\u00e7a-feira (27) na lideran\u00e7a do PDT na C\u00e2mara dos Deputados, para discutir o encaminhamento dos trabalhos e as pr\u00f3ximas a\u00e7\u00f5es da Frente.<\/p>\n<p>A lista de ades\u00f5es de parlamentares \u00e0 Frente e como reproduzir o movimento nos Estados tamb\u00e9m foi um dos pontos tratados na reuni\u00e3o.<\/p>\n<p>\u201cPrecisamos ganhar capilaridade do movimento em todo o Pa\u00eds. Uma tentativa de trazer o povo para as ruas\u201d, afirmou o coordenador da frente, senador Jo\u00e3o Capiberibe (PSB-AP).<\/p>\n<p>Capiberibe tamb\u00e9m destacou a reuni\u00e3o que ter\u00e1 no pr\u00f3ximo dia 06 de julho no Senado Federal com parlamentares, centrais sindicais, movimentos sociais e classe art\u00edstica.<\/p>\n<p>\u201cVamos fortalecer uma rede nacional pelas Diretas J\u00e1 com todas as personalidades que aderiram ao movimento. Atualmente acontece uma despolitiza\u00e7\u00e3o muito grande e a sociedade pode revelar novas lideran\u00e7as pol\u00edticas para o Pa\u00eds\u201d, afirmou.<\/p>\n<p>A reuni\u00e3o do dia 06 vai ser muito importante para unir for\u00e7as. \u201cVamos construir uma rede fortalecida em prol do movimento das Diretas J\u00e1\u201d, disse Jo\u00e3o Capiberibe.<\/p>\n<p><strong>Frente <\/strong><\/p>\n<p>A Frente foi lan\u00e7ada no dia 07 de junho e \u00e9 composta pelo PSB, PSOL, PDT, PT e PCdoB, mas tamb\u00e9m conta com o apoio de outros partidos, como o Podemos, Avante, Rede, PSD, PMDB e PMB.<\/p>\n<p>A Frente quer fortalecer a press\u00e3o sobre o Congresso para aprovar a Proposta de Emenda \u00e0 Constitui\u00e7\u00e3o 227\/16, que visa alterar a Constitui\u00e7\u00e3o para garantir que elei\u00e7\u00f5es diretas sejam convocadas em caso de vac\u00e2ncia do cargo de presidente da Rep\u00fablica at\u00e9 seis meses antes do fim do mandato.<\/p>\n<p>No Senado, a Comiss\u00e3o de Constitui\u00e7\u00e3o, Justi\u00e7a e Cidadania (CCJ) aprovou, por unanimidade, no dia 31 de maio, uma proposta semelhante, que tamb\u00e9m garante a convoca\u00e7\u00e3o de elei\u00e7\u00f5es diretas em caso de vac\u00e2ncia.<\/p>\n<!-- AddThis Advanced Settings generic via filter on the_content --><!-- AddThis Share Buttons generic via filter on the_content -->","protected":false},"excerpt":{"rendered":"<p>Representantes da Frente Parlamentar Suprapartid\u00e1ria pelas Diretas J\u00e1 se reuniram na tarde desta ter\u00e7a-feira (27) na lideran\u00e7a do PDT na C\u00e2mara dos Deputados, para discutir o encaminhamento dos trabalhos e as pr\u00f3ximas a\u00e7\u00f5es da Frente. A lista de ades\u00f5es de parlamentares \u00e0 Frente e como reproduzir o movimento nos Estados tamb\u00e9m foi um dos pontos&#8230;<!-- AddThis Advanced Settings generic via filter on wp_trim_excerpt --><!-- AddThis Share Buttons generic via filter on wp_trim_excerpt --><\/p>\n","protected":false},"author":17,"featured_media":54503,"comment_status":"closed","ping_status":"closed","sticky":false,"template":"","format":"standard","meta":{"_monsterinsights_skip_tracking":false,"_monsterinsights_sitenote_active":false,"_monsterinsights_sitenote_note":"","_monsterinsights_sitenote_category":0,"_uf_show_specific_survey":0,"_uf_disable_surveys":false,"footnotes":""},"categories":[1390],"tags":[2426],"class_list":["post-54502","post","type-post","status-publish","format-standard","has-post-thumbnail","hentry","category-editorias","tag-frente-parlamentar-suprapartidaria-pelas-diretas-ja"],"acf":[],"_links":{"self":[{"href":"https:\/\/pdt-rj.org.br\/index.php\/wp-json\/wp\/v2\/posts\/54502","targetHints":{"allow":["GET"]}}],"collection":[{"href":"https:\/\/pdt-rj.org.br\/index.php\/wp-json\/wp\/v2\/posts"}],"about":[{"href":"https:\/\/pdt-rj.org.br\/index.php\/wp-json\/wp\/v2\/types\/post"}],"author":[{"embeddable":true,"href":"https:\/\/pdt-rj.org.br\/index.php\/wp-json\/wp\/v2\/users\/17"}],"replies":[{"embeddable":true,"href":"https:\/\/pdt-rj.org.br\/index.php\/wp-json\/wp\/v2\/comments?post=54502"}],"version-history":[{"count":2,"href":"https:\/\/pdt-rj.org.br\/index.php\/wp-json\/wp\/v2\/posts\/54502\/revisions"}],"predecessor-version":[{"id":54578,"href":"https:\/\/pdt-rj.org.br\/index.php\/wp-json\/wp\/v2\/posts\/54502\/revisions\/54578"}],"wp:featuredmedia":[{"embeddable":true,"href":"https:\/\/pdt-rj.org.br\/index.php\/wp-json\/wp\/v2\/media\/54503"}],"wp:attachment":[{"href":"https:\/\/pdt-rj.org.br\/index.php\/wp-json\/wp\/v2\/media?parent=54502"}],"wp:term":[{"taxonomy":"category","embeddable":true,"href":"https:\/\/pdt-rj.org.br\/index.php\/wp-json\/wp\/v2\/categories?post=54502"},{"taxonomy":"post_tag","embeddable":true,"href":"https:\/\/pdt-rj.org.br\/index.php\/wp-json\/wp\/v2\/tags?post=54502"}],"curies":[{"name":"wp","href":"https:\/\/api.w.org\/{rel}","templated":true}]}}