{"id":54495,"date":"2017-06-28T15:35:44","date_gmt":"2017-06-28T18:35:44","guid":{"rendered":"http:\/\/pdt-rj.org.br\/?p=54495"},"modified":"2017-07-03T22:19:46","modified_gmt":"2017-07-04T01:19:46","slug":"lupi-afirma-que-denuncia-de-temer-pela-pgr-requer-diretas-ja","status":"publish","type":"post","link":"https:\/\/pdt-rj.org.br\/index.php\/lupi-afirma-que-denuncia-de-temer-pela-pgr-requer-diretas-ja\/","title":{"rendered":"Lupi afirma que den\u00fancia de Temer pela PGR requer Diretas J\u00e1!"},"content":{"rendered":"<p>&#8220;Pela primeira vez, na hist\u00f3ria do Brasil, o procurador-geral da Rep\u00fablica faz uma den\u00fancia concreta, comprovada de corrup\u00e7\u00e3o passiva do atual presidente, senhor Michel Temer&#8221;, anuncia Carlos Lupi, presidente nacional do PDT em v\u00eddeo gravado nesta quarta-feira (28).<\/p>\n<p>Para Lupi, todas a provas apresentadas, somadas ao fato de Temer ter participado do golpe que tirou a presidente Dilma, eleita de forma leg\u00edtima, do poder, s\u00e3o ingredientes que levam \u00e0 uma \u00fanica solu\u00e7\u00e3o: elei\u00e7\u00f5es gerais e diretas.<\/p>\n<p>\u00c9 fundamental ouvir o povo. Este \u00e9 o recado de Lupi. Assista ao pronunciamento completo:<\/p>\n<p><iframe loading=\"lazy\" title=\"Lupi afirma que den\u00fancia de Temer pela PGR requer Diretas J\u00e1!\" width=\"640\" height=\"360\" src=\"https:\/\/www.youtube.com\/embed\/I73zTsNvslg?feature=oembed\" frameborder=\"0\" allow=\"accelerometer; autoplay; clipboard-write; encrypted-media; gyroscope; picture-in-picture; web-share\" referrerpolicy=\"strict-origin-when-cross-origin\" allowfullscreen><\/iframe><\/p>\n<!-- AddThis Advanced Settings generic via filter on the_content --><!-- AddThis Share Buttons generic via filter on the_content -->","protected":false},"excerpt":{"rendered":"<p>&#8220;Pela primeira vez, na hist\u00f3ria do Brasil, o procurador-geral da Rep\u00fablica faz uma den\u00fancia concreta, comprovada de corrup\u00e7\u00e3o passiva do atual presidente, senhor Michel Temer&#8221;, anuncia Carlos Lupi, presidente nacional do PDT em v\u00eddeo gravado nesta quarta-feira (28). Para Lupi, todas a provas apresentadas, somadas ao fato de Temer ter participado do golpe que tirou&#8230;<!-- AddThis Advanced Settings generic via filter on wp_trim_excerpt --><!-- AddThis Share Buttons generic via filter on wp_trim_excerpt --><\/p>\n","protected":false},"author":17,"featured_media":54496,"comment_status":"closed","ping_status":"closed","sticky":false,"template":"","format":"standard","meta":{"_monsterinsights_skip_tracking":false,"_monsterinsights_sitenote_active":false,"_monsterinsights_sitenote_note":"","_monsterinsights_sitenote_category":0,"_uf_show_specific_survey":0,"_uf_disable_surveys":false,"footnotes":""},"categories":[976],"tags":[196,2344,38],"class_list":["post-54495","post","type-post","status-publish","format-standard","has-post-thumbnail","hentry","category-noticias-em-destaque","tag-carlos-lupi","tag-diretas-ja","tag-pdt"],"acf":[],"_links":{"self":[{"href":"https:\/\/pdt-rj.org.br\/index.php\/wp-json\/wp\/v2\/posts\/54495","targetHints":{"allow":["GET"]}}],"collection":[{"href":"https:\/\/pdt-rj.org.br\/index.php\/wp-json\/wp\/v2\/posts"}],"about":[{"href":"https:\/\/pdt-rj.org.br\/index.php\/wp-json\/wp\/v2\/types\/post"}],"author":[{"embeddable":true,"href":"https:\/\/pdt-rj.org.br\/index.php\/wp-json\/wp\/v2\/users\/17"}],"replies":[{"embeddable":true,"href":"https:\/\/pdt-rj.org.br\/index.php\/wp-json\/wp\/v2\/comments?post=54495"}],"version-history":[{"count":2,"href":"https:\/\/pdt-rj.org.br\/index.php\/wp-json\/wp\/v2\/posts\/54495\/revisions"}],"predecessor-version":[{"id":54498,"href":"https:\/\/pdt-rj.org.br\/index.php\/wp-json\/wp\/v2\/posts\/54495\/revisions\/54498"}],"wp:featuredmedia":[{"embeddable":true,"href":"https:\/\/pdt-rj.org.br\/index.php\/wp-json\/wp\/v2\/media\/54496"}],"wp:attachment":[{"href":"https:\/\/pdt-rj.org.br\/index.php\/wp-json\/wp\/v2\/media?parent=54495"}],"wp:term":[{"taxonomy":"category","embeddable":true,"href":"https:\/\/pdt-rj.org.br\/index.php\/wp-json\/wp\/v2\/categories?post=54495"},{"taxonomy":"post_tag","embeddable":true,"href":"https:\/\/pdt-rj.org.br\/index.php\/wp-json\/wp\/v2\/tags?post=54495"}],"curies":[{"name":"wp","href":"https:\/\/api.w.org\/{rel}","templated":true}]}}