{"id":54447,"date":"2017-06-23T13:01:22","date_gmt":"2017-06-23T16:01:22","guid":{"rendered":"http:\/\/pdt-rj.org.br\/?p=54447"},"modified":"2017-07-03T18:12:47","modified_gmt":"2017-07-03T21:12:47","slug":"leonel-brizola-e-homenageado-em-fortaleza-com-estatua-em-tamanho-real","status":"publish","type":"post","link":"https:\/\/pdt-rj.org.br\/index.php\/leonel-brizola-e-homenageado-em-fortaleza-com-estatua-em-tamanho-real\/","title":{"rendered":"Leonel Brizola \u00e9 homenageado com est\u00e1tua em tamanho real em Fortaleza"},"content":{"rendered":"<p>Um dia ap\u00f3s completar 13 anos do falecimento do l\u00edder pol\u00edtico Leonel Brizola, o PDT do Cear\u00e1 a Funda\u00e7\u00e3o Leonel Brizola-Alberto Pasqualini do Cear\u00e1 (FLB-AP), e militantes trabalhistas prestaram mais uma homenagem: a inaugura\u00e7\u00e3o de uma est\u00e1tua em tamanho real de Brizola. O evento reuniu lideran\u00e7as nacionais e locais da legenda, dentre elas o pr\u00e9-candidato \u00e0 presid\u00eancia da Rep\u00fablica, Ciro Gomes,\u00a0o prefeito de Fortaleza, Roberto Cl\u00e1udio, o presidente estadual do PDT, deputado federal Andr\u00e9 Figueiredo e\u00a0o presidente nacional da FLB-AP, Manoel Dias.<\/p>\n<p>Ciro exaltou Brizola como parte da hist\u00f3ria contempor\u00e2nea do Brasil e a trajet\u00f3ria do ga\u00facho em prol da educa\u00e7\u00e3o e inclus\u00e3o social, sempre acompanhada de conduta moral irretoc\u00e1vel. &#8220;Ningu\u00e9m foi mais perseguido que ele e ele sempre mostrou sua dignidade e for\u00e7a&#8221;, lembrou Ciro.<\/p>\n<p>O deputado Andr\u00e9 Figueiredo ressaltou que a homenagem foi realizada em momento pol\u00edtico delicado que vive o Brasil. &#8220;Essa homenagem se torna mais especial quando o Brasil parece ter perdido as refer\u00eancias de honestidade. Brizola foi um guerreiro em defesa do povo brasileiro e da nossa democracia&#8221;, disse.<\/p>\n<p>O prefeito de Fortaleza, Roberto Cl\u00e1udio, relembrou que sempre acompanhou os ideais de Brizola e que seu modo de fazer pol\u00edtica influenciou a escolha de ser um brizolista.<\/p>\n<p>&#8220;Meu pai e minha fam\u00edlia sempre foram brizolistas e eu cresci acompanhando suas ideias e depois eu escolhi me tornar um brizolista tamb\u00e9m. N\u00e3o existem ideias novas e antigas, existem ideias boas e ruins!&#8221; afirmou.<\/p>\n<p>Autor de pesquisa sobre a trajet\u00f3ria de Brizola do Cear\u00e1 e um dos idealizadores da homenagem, Papito de Oliveira, rememorou momentos hist\u00f3ricos com Brizola .&#8221;Brizola lutou pela democracia e foi contra interesses do capital para defender a soberania do seu povo. Essa homenagem \u00e9 uma forma de agradecimento pela contribui\u00e7\u00e3o que deu ao pa\u00eds&#8221;.<\/p>\n<p>Manoel Dias citou a influ\u00eancia e o impacto que causa as ideias e o conhecimento de Ciro Gomes nas universidades pelo Brasil. &#8220;Quando o Ciro sai das palestras, por todo o Brasil, surgem grupos nas universidades para debaterem e apoiarem suas ideias. Temos que dar as m\u00e3os, lutar e acreditar, porque v\u00e3o tentar desconstruir a pessoa e as ideias de Ciro, como fizeram em 2002&#8221;.<\/p>\n<p>O evento tamb\u00e9m teve a presen\u00e7a do presidente nacional do Movimento Negro, Ivaldo Paix\u00e3o, do presidente da FLB-AP do Cear\u00e1, Papito de Oliveira, organizador do evento, do secret\u00e1rio estadual do Trabalho, Josbertini Clementino, do vereador Iraguassu Filho e do secret\u00e1rio municipal da Juventude, J\u00falio Brizzi, entre outras lideran\u00e7as.<\/p>\n<!-- AddThis Advanced Settings generic via filter on the_content --><!-- AddThis Share Buttons generic via filter on the_content -->","protected":false},"excerpt":{"rendered":"<p>Um dia ap\u00f3s completar 13 anos do falecimento do l\u00edder pol\u00edtico Leonel Brizola, o PDT do Cear\u00e1 a Funda\u00e7\u00e3o Leonel Brizola-Alberto Pasqualini do Cear\u00e1 (FLB-AP), e militantes trabalhistas prestaram mais uma homenagem: a inaugura\u00e7\u00e3o de uma est\u00e1tua em tamanho real de Brizola. O evento reuniu lideran\u00e7as nacionais e locais da legenda, dentre elas o pr\u00e9-candidato&#8230;<!-- AddThis Advanced Settings generic via filter on wp_trim_excerpt --><!-- AddThis Share Buttons generic via filter on wp_trim_excerpt --><\/p>\n","protected":false},"author":17,"featured_media":54448,"comment_status":"closed","ping_status":"closed","sticky":false,"template":"","format":"standard","meta":{"_monsterinsights_skip_tracking":false,"_monsterinsights_sitenote_active":false,"_monsterinsights_sitenote_note":"","_monsterinsights_sitenote_category":0,"_uf_show_specific_survey":0,"_uf_disable_surveys":false,"footnotes":""},"categories":[975,1401],"tags":[34,220,1403,2419,1133,522,2162,565,2418,38,836],"class_list":["post-54447","post","type-post","status-publish","format-standard","has-post-thumbnail","hentry","category-manchete","category-nacional","tag-andre-figueiredo","tag-ciro-gomes","tag-fortaleza-ce","tag-iraguassu-filho","tag-ivaldo-paixao","tag-josbertini-clementino","tag-julio-brizzi","tag-leonel-brizola","tag-papito-de-oliveira","tag-pdt","tag-roberto-claudio"],"acf":[],"_links":{"self":[{"href":"https:\/\/pdt-rj.org.br\/index.php\/wp-json\/wp\/v2\/posts\/54447","targetHints":{"allow":["GET"]}}],"collection":[{"href":"https:\/\/pdt-rj.org.br\/index.php\/wp-json\/wp\/v2\/posts"}],"about":[{"href":"https:\/\/pdt-rj.org.br\/index.php\/wp-json\/wp\/v2\/types\/post"}],"author":[{"embeddable":true,"href":"https:\/\/pdt-rj.org.br\/index.php\/wp-json\/wp\/v2\/users\/17"}],"replies":[{"embeddable":true,"href":"https:\/\/pdt-rj.org.br\/index.php\/wp-json\/wp\/v2\/comments?post=54447"}],"version-history":[{"count":9,"href":"https:\/\/pdt-rj.org.br\/index.php\/wp-json\/wp\/v2\/posts\/54447\/revisions"}],"predecessor-version":[{"id":54542,"href":"https:\/\/pdt-rj.org.br\/index.php\/wp-json\/wp\/v2\/posts\/54447\/revisions\/54542"}],"wp:featuredmedia":[{"embeddable":true,"href":"https:\/\/pdt-rj.org.br\/index.php\/wp-json\/wp\/v2\/media\/54448"}],"wp:attachment":[{"href":"https:\/\/pdt-rj.org.br\/index.php\/wp-json\/wp\/v2\/media?parent=54447"}],"wp:term":[{"taxonomy":"category","embeddable":true,"href":"https:\/\/pdt-rj.org.br\/index.php\/wp-json\/wp\/v2\/categories?post=54447"},{"taxonomy":"post_tag","embeddable":true,"href":"https:\/\/pdt-rj.org.br\/index.php\/wp-json\/wp\/v2\/tags?post=54447"}],"curies":[{"name":"wp","href":"https:\/\/api.w.org\/{rel}","templated":true}]}}