{"id":54442,"date":"2017-06-22T19:59:28","date_gmt":"2017-06-22T22:59:28","guid":{"rendered":"http:\/\/pdt-rj.org.br\/?p=54442"},"modified":"2017-06-28T00:44:51","modified_gmt":"2017-06-28T03:44:51","slug":"frente-mista-em-defesa-da-soberania-nacional-tem-oito-deputados-do-pdt","status":"publish","type":"post","link":"https:\/\/pdt-rj.org.br\/index.php\/frente-mista-em-defesa-da-soberania-nacional-tem-oito-deputados-do-pdt\/","title":{"rendered":"Frente Mista em Defesa da Soberania Nacional tem oito deputados do PDT"},"content":{"rendered":"<p>Foi lan\u00e7ada nesta quarta-feira (21), na C\u00e2mara dos Deputados, a Frente Parlamentar Mista em Defesa da Soberania Nacional. O colegiado re\u00fane 201 deputados, dos quais oito s\u00e3o do PDT, e 18 senadores, todos dos partidos de oposi\u00e7\u00e3o que criticam a privatiza\u00e7\u00e3o de empresas p\u00fablicas e as reformas trabalhista e previdenci\u00e1ria pautadas pelo Executivo.<\/p>\n<p>Manoel Dias, presidente da Funda\u00e7\u00e3o Leonel Brizola \u2013 Alberto Pasqualini (FLB-AP) e secret\u00e1rio-geral do PDT, representou a legenda no lan\u00e7amento da Frente e disse a presen\u00e7a do partido no Colegiado reafirma sua mobiliza\u00e7\u00e3o em prol da defesa da soberania nacional e dos direitos sociais.<\/p>\n<p>&#8220;N\u00e3o podemos aceitar o retrocesso a partir da entrega das riquezas do povo, como \u00e9 comprovado nas a\u00e7\u00f5es do governo ileg\u00edtimo do Temer ao tentar aprovar as reformas trabalhista e previdenci\u00e1ria. Como represetantes do Trabalhismo de Get\u00falio Vargas e Leonel Brizola, seguiremos lutando por um Brasil mais justo, igual e socialista&#8221;, afirmou Dias.<\/p>\n<p>O PDT abra\u00e7a a campanha que pede a realiza\u00e7\u00e3o imediata de elei\u00e7\u00f5es diretas, a sa\u00edda do presidente Michel Temer e diz n\u00e3o \u00e0s reformas trabalhista e previdenci\u00e1ria. O deputado Afonso Motta (PDT-RS) \u00e9 o presidente da Frente na Regi\u00e3o Sul.<\/p>\n<p>\u201cA soberania nacional \u00e9 o legado de Get\u00falio, Jango e Brizola. Por isso a nossa participa\u00e7\u00e3o na Frente Parlamentar criada \u00e9 a express\u00e3o do pensamento Trabalhista\u201d, disse Afonso Motta.<\/p>\n<p>Os demais pedetisas s\u00e3o Fl\u00e1via Morais (GO), Andr\u00e9 Figueiredo (CE), Assis do Couto (PR), Dagoberto Nogueira (MS), Deoclides Macedo (MA), F\u00e9lix Mendon\u00e7a J\u00fanior (BA), Hissa Abrah\u00e3o (MA) e Subtenente Gonzaga (MG).<\/p>\n<p>Os parlamentares do colegiado defendem diversos assuntos, como a antecipa\u00e7\u00e3o de elei\u00e7\u00f5es diretas no caso de queda do presidente Michel Temer e o uso do Ex\u00e9rcito para manuten\u00e7\u00e3o da integridade do territ\u00f3rio.<\/p>\n<p><strong>Eixos de atua\u00e7\u00e3o<\/strong><\/p>\n<p>A frente tem oito eixos de a\u00e7\u00e3o: defender a explora\u00e7\u00e3o eficiente dos recursos naturais, entre eles o petr\u00f3leo; garantir uma infraestrutura capaz de promover o desenvolvimento do Pa\u00eds; fortalecer a agricultura nas exporta\u00e7\u00f5es, mas tamb\u00e9m na alimenta\u00e7\u00e3o dos brasileiros; estimular o cr\u00e9dito e o capital produtivo nacional; defender o emprego e o sal\u00e1rio; garantir um sistema tribut\u00e1rio mais justo; consolidar as For\u00e7as Armadas na defesa da soberania; e assegurar uma pol\u00edtica externa independente.<\/p>\n<p>Participaram do lan\u00e7amento os ex-ministros Celso Amorim, das Rela\u00e7\u00f5es Exteriores, e Luiz Carlos Bresser-Pereira, da Fazenda, autores do documento \u201cProjeto Brasil Na\u00e7\u00e3o\u201d, que, entre outros pontos, critica a Proposta de Emenda \u00e0 Constitui\u00e7\u00e3o (PEC) que fixou teto para os gastos p\u00fablicos. A iniciativa re\u00fane intelectuais que divulgaram na internet um manifesto com medidas econ\u00f4micas para a retomada do crescimento.<\/p>\n<p>Entre as reivindica\u00e7\u00f5es do Projeto Brasil Na\u00e7\u00e3o destacam-se: a responsabilidade fiscal, a queda da taxa de juros, o reajuste dos sal\u00e1rios de acordo com o lucro das empresas, a distribui\u00e7\u00e3o de renda e o controle do c\u00e2mbio.<\/p>\n<p>Segundo os autores do famifesto, ao congelar as despesas na Constitui\u00e7\u00e3o, o Executivo usurpou uma prerrogativa do Congresso, em desrespeito \u00e0 soberania popular.<\/p>\n<!-- AddThis Advanced Settings generic via filter on the_content --><!-- AddThis Share Buttons generic via filter on the_content -->","protected":false},"excerpt":{"rendered":"<p>Foi lan\u00e7ada nesta quarta-feira (21), na C\u00e2mara dos Deputados, a Frente Parlamentar Mista em Defesa da Soberania Nacional. O colegiado re\u00fane 201 deputados, dos quais oito s\u00e3o do PDT, e 18 senadores, todos dos partidos de oposi\u00e7\u00e3o que criticam a privatiza\u00e7\u00e3o de empresas p\u00fablicas e as reformas trabalhista e previdenci\u00e1ria pautadas pelo Executivo. Manoel Dias,&#8230;<!-- AddThis Advanced Settings generic via filter on wp_trim_excerpt --><!-- AddThis Share Buttons generic via filter on wp_trim_excerpt --><\/p>\n","protected":false},"author":17,"featured_media":54443,"comment_status":"closed","ping_status":"closed","sticky":false,"template":"","format":"standard","meta":{"_monsterinsights_skip_tracking":false,"_monsterinsights_sitenote_active":false,"_monsterinsights_sitenote_note":"","_monsterinsights_sitenote_category":0,"_uf_show_specific_survey":0,"_uf_disable_surveys":false,"footnotes":""},"categories":[1390],"tags":[34,137,274,1465,391,406,2417,462,895],"class_list":["post-54442","post","type-post","status-publish","format-standard","has-post-thumbnail","hentry","category-editorias","tag-andre-figueiredo","tag-assis-do-couto","tag-dagoberto-nogueira","tag-deoclides-macedo","tag-felix-mendonca-junior","tag-flavia-morais","tag-frente-parlamentar-mista-em-defesa-da-soberania-nacional","tag-hissa-abrahao","tag-subtenente-gonzaga"],"acf":[],"_links":{"self":[{"href":"https:\/\/pdt-rj.org.br\/index.php\/wp-json\/wp\/v2\/posts\/54442","targetHints":{"allow":["GET"]}}],"collection":[{"href":"https:\/\/pdt-rj.org.br\/index.php\/wp-json\/wp\/v2\/posts"}],"about":[{"href":"https:\/\/pdt-rj.org.br\/index.php\/wp-json\/wp\/v2\/types\/post"}],"author":[{"embeddable":true,"href":"https:\/\/pdt-rj.org.br\/index.php\/wp-json\/wp\/v2\/users\/17"}],"replies":[{"embeddable":true,"href":"https:\/\/pdt-rj.org.br\/index.php\/wp-json\/wp\/v2\/comments?post=54442"}],"version-history":[{"count":4,"href":"https:\/\/pdt-rj.org.br\/index.php\/wp-json\/wp\/v2\/posts\/54442\/revisions"}],"predecessor-version":[{"id":54488,"href":"https:\/\/pdt-rj.org.br\/index.php\/wp-json\/wp\/v2\/posts\/54442\/revisions\/54488"}],"wp:featuredmedia":[{"embeddable":true,"href":"https:\/\/pdt-rj.org.br\/index.php\/wp-json\/wp\/v2\/media\/54443"}],"wp:attachment":[{"href":"https:\/\/pdt-rj.org.br\/index.php\/wp-json\/wp\/v2\/media?parent=54442"}],"wp:term":[{"taxonomy":"category","embeddable":true,"href":"https:\/\/pdt-rj.org.br\/index.php\/wp-json\/wp\/v2\/categories?post=54442"},{"taxonomy":"post_tag","embeddable":true,"href":"https:\/\/pdt-rj.org.br\/index.php\/wp-json\/wp\/v2\/tags?post=54442"}],"curies":[{"name":"wp","href":"https:\/\/api.w.org\/{rel}","templated":true}]}}