{"id":54438,"date":"2017-06-22T18:01:57","date_gmt":"2017-06-22T21:01:57","guid":{"rendered":"http:\/\/pdt-rj.org.br\/?p=54438"},"modified":"2017-06-23T16:08:45","modified_gmt":"2017-06-23T19:08:45","slug":"acir-gurgacz-defende-antecipacao-das-eleicoes-de-2018","status":"publish","type":"post","link":"https:\/\/pdt-rj.org.br\/index.php\/acir-gurgacz-defende-antecipacao-das-eleicoes-de-2018\/","title":{"rendered":"Acir Gurgacz defende antecipa\u00e7\u00e3o das elei\u00e7\u00f5es de 2018"},"content":{"rendered":"<p>O senador Acir Gurgacz (PDT-RO) defendeu, nessa quarta-feira (21), a antecipa\u00e7\u00e3o das elei\u00e7\u00f5es gerais de 2018 para dar \u00e0 sociedade o poder de decidir o que que ela quer para o pa\u00eds.\u00a0Na opini\u00e3o do parlamentar, s\u00f3 assim ser\u00e1 poss\u00edvel superar as crises pol\u00edtica e econ\u00f4mica que assolam o pa\u00eds h\u00e1 tr\u00eas anos, desde que os derrotados das elei\u00e7\u00f5es de 2014 n\u00e3o aceitaram o resultado das urnas e fizeram de tudo para mud\u00e1-lo.<\/p>\n<p>Segundo Gurgacz, por causa desse impasse, quem mais sofre \u00e9 a popula\u00e7\u00e3o, com a perda de direitos, v\u00ea o aumento do desemprego, a queda da renda e a deteriora\u00e7\u00e3o de servi\u00e7os como sa\u00fade, educa\u00e7\u00e3o e seguran\u00e7a.<\/p>\n<p>&#8220;Se n\u00f3s estamos indignados com tantas not\u00edcias sobre corrup\u00e7\u00e3o, imagine aquele cidad\u00e3o, aquele brasileiro que perdeu o emprego, que n\u00e3o tem mais o seguro-desemprego que j\u00e1 venceu, e n\u00e3o consegue levar comida para sua casa, qual o sentimento dessa pessoa quando liga a televis\u00e3o e ouve &#8220;\u00e9 cinco milh\u00f5es, s\u00e3o dois milh\u00f5es, s\u00e3o compensa\u00e7\u00f5es de dinheiro que foi levado atrav\u00e9s de acordo&#8230; Essas pessoas ficam indignadas!&#8221;, ressaltou.<\/p>\n<!-- AddThis Advanced Settings generic via filter on the_content --><!-- AddThis Share Buttons generic via filter on the_content -->","protected":false},"excerpt":{"rendered":"<p>O senador Acir Gurgacz (PDT-RO) defendeu, nessa quarta-feira (21), a antecipa\u00e7\u00e3o das elei\u00e7\u00f5es gerais de 2018 para dar \u00e0 sociedade o poder de decidir o que que ela quer para o pa\u00eds.\u00a0Na opini\u00e3o do parlamentar, s\u00f3 assim ser\u00e1 poss\u00edvel superar as crises pol\u00edtica e econ\u00f4mica que assolam o pa\u00eds h\u00e1 tr\u00eas anos, desde que os&#8230;<!-- AddThis Advanced Settings generic via filter on wp_trim_excerpt --><!-- AddThis Share Buttons generic via filter on wp_trim_excerpt --><\/p>\n","protected":false},"author":17,"featured_media":54439,"comment_status":"closed","ping_status":"closed","sticky":false,"template":"","format":"standard","meta":{"_monsterinsights_skip_tracking":false,"_monsterinsights_sitenote_active":false,"_monsterinsights_sitenote_note":"","_monsterinsights_sitenote_category":0,"_uf_show_specific_survey":0,"_uf_disable_surveys":false,"footnotes":""},"categories":[1390],"tags":[88,2414,338,38,863],"class_list":["post-54438","post","type-post","status-publish","format-standard","has-post-thumbnail","hentry","category-editorias","tag-acir-gurgacz","tag-antecipacao-das-eleicoes","tag-educacao","tag-pdt","tag-seguranca"],"acf":[],"_links":{"self":[{"href":"https:\/\/pdt-rj.org.br\/index.php\/wp-json\/wp\/v2\/posts\/54438","targetHints":{"allow":["GET"]}}],"collection":[{"href":"https:\/\/pdt-rj.org.br\/index.php\/wp-json\/wp\/v2\/posts"}],"about":[{"href":"https:\/\/pdt-rj.org.br\/index.php\/wp-json\/wp\/v2\/types\/post"}],"author":[{"embeddable":true,"href":"https:\/\/pdt-rj.org.br\/index.php\/wp-json\/wp\/v2\/users\/17"}],"replies":[{"embeddable":true,"href":"https:\/\/pdt-rj.org.br\/index.php\/wp-json\/wp\/v2\/comments?post=54438"}],"version-history":[{"count":3,"href":"https:\/\/pdt-rj.org.br\/index.php\/wp-json\/wp\/v2\/posts\/54438\/revisions"}],"predecessor-version":[{"id":54462,"href":"https:\/\/pdt-rj.org.br\/index.php\/wp-json\/wp\/v2\/posts\/54438\/revisions\/54462"}],"wp:featuredmedia":[{"embeddable":true,"href":"https:\/\/pdt-rj.org.br\/index.php\/wp-json\/wp\/v2\/media\/54439"}],"wp:attachment":[{"href":"https:\/\/pdt-rj.org.br\/index.php\/wp-json\/wp\/v2\/media?parent=54438"}],"wp:term":[{"taxonomy":"category","embeddable":true,"href":"https:\/\/pdt-rj.org.br\/index.php\/wp-json\/wp\/v2\/categories?post=54438"},{"taxonomy":"post_tag","embeddable":true,"href":"https:\/\/pdt-rj.org.br\/index.php\/wp-json\/wp\/v2\/tags?post=54438"}],"curies":[{"name":"wp","href":"https:\/\/api.w.org\/{rel}","templated":true}]}}