{"id":54415,"date":"2017-06-21T00:57:02","date_gmt":"2017-06-21T03:57:02","guid":{"rendered":"http:\/\/pdt-rj.org.br\/?p=54415"},"modified":"2017-06-21T00:57:02","modified_gmt":"2017-06-21T03:57:02","slug":"ciep-garantiu-minha-educacao-de-qualidade-afirma-o-farmaceutico-lucas-ribeiro","status":"publish","type":"post","link":"https:\/\/pdt-rj.org.br\/index.php\/ciep-garantiu-minha-educacao-de-qualidade-afirma-o-farmaceutico-lucas-ribeiro\/","title":{"rendered":"\u201cCIEP garantiu minha educa\u00e7\u00e3o de qualidade\u201d, afirma o farmac\u00eautico, Lucas Ribeiro"},"content":{"rendered":"<p id=\"yui_3_16_0_ym19_1_1498010840428_43046\">Recurso para educa\u00e7\u00e3o \u00e9 investimento, e n\u00e3o custo. Assim, Leonel Brizola guiava sua gest\u00e3o que marcou gera\u00e7\u00f5es tanto no Rio Grande do Sul, quanto no Rio de Janeiro, ambos estados governados pelo pedetista. Para exaltar esse legado de sucesso na data que marca os 13 anos sem o ga\u00facho de Carazinho, conversamos com Lucas Ramos Ribeiro, 27 anos, farmac\u00eautico e morador da pequena cidade de Sumidouro, na Regi\u00e3o Serrana fluminense.<\/p>\n<p id=\"yui_3_16_0_ym19_1_1498010840428_43078\">Filiado ao PDT, o militante tem orgulho de dizer que sua base escolar ocorreu no Centro Integrado de Educa\u00e7\u00e3o P\u00fablica (CIEP), idealizado pelo ent\u00e3o governador do estado, Leonel Brizola, nas d\u00e9cadas de 1980 e 1990, em conjunto com o antrop\u00f3logo Darcy Ribeiro, e projetado pelo arquiteto Oscar Niemeyer.<\/p>\n<p id=\"yui_3_16_0_ym19_1_1498010840428_43074\">O projeto buscava oferecer ensino p\u00fablico de qualidade em per\u00edodo integral aos alunos da rede estadual. Al\u00e9m de refei\u00e7\u00f5es completas ao longo do dia, os alunos contavam com atividades complementares e atendimento m\u00e9dico e\u00a0odontol\u00f3gico.<\/p>\n<p id=\"yui_3_16_0_ym19_1_1498010840428_43076\">Confira a entrevista com o jovem pedetista:<\/p>\n<p><strong>O que representa ter estudado no CIEP?<\/strong><\/p>\n<p>Estudar no CIEP \u00e9 saber que o governo se importa com a m\u00e9todo de ensino educacional completo, mas muito al\u00e9m disso \u00e9 saber que voc\u00ea faz parte de um projeto de forma\u00e7\u00e3o de um cidad\u00e3o com valores.<\/p>\n<p><strong>Como era o ensino?<\/strong><\/p>\n<p>O ensino sempre foi de qualidade. Al\u00e9m da forma\u00e7\u00e3o, t\u00ednhamos alimenta\u00e7\u00e3o, seguran\u00e7a e tratamento de sa\u00fade como rotina. Um projeto fant\u00e1stico de Leonel Brizola e Darcy Ribeiro que nunca poderia ter sido abandonado pelos governantes que vieram na sequ\u00eancia. O CIEP deveria ser aplicado em todo o Brasil.<\/p>\n<p><strong>Admira Leonel Brizola?<\/strong><\/p>\n<p>Sim, com toda certeza. O nosso l\u00edder, na minha concep\u00e7\u00e3o, foi o maior pol\u00edtico brasileiro que j\u00e1 existiu. N\u00e3o era apenas um pol\u00edtico, mas um idealista e vision\u00e1rio que sonhava com uma sociedade mais justa. Sua vis\u00e3o pol\u00edtica era de uma constru\u00e7\u00e3o de uma sociedade digna, pois n\u00e3o fazia a\u00e7\u00f5es somente para curto prazo, mas entendia que era necess\u00e1rio investir no futuro em m\u00e9dio e longo prazo.<\/p>\n<p>Entendia que o Brasil deveria ser constru\u00eddo com respeito e igualdade, pensando nos \u00a0desfavorecidos, criando m\u00e9todos para que os mesmos pudessem ter a igualdade social dentro de um socialismo democr\u00e1tico. Fazia pol\u00edticas p\u00fablicas, n\u00e3o politicagem. Nesse sentido, o ideal trabalhista \u00e9 a base de uma garantia digna ao trabalhador brasileiro.<\/p>\n<p><strong>Qual a raz\u00e3o para se filiar ao partido?<\/strong><\/p>\n<p>Vejo, no PDT, algo muito al\u00e9m de um partido pol\u00edtico, mas um grupo de pessoas que seguem uma ideologia de constru\u00e7\u00e3o de uma sociedade democr\u00e1tica justa e visando, sempre, a integra\u00e7\u00e3o e o respeito social. A sigla respeita as diferen\u00e7as e, ao mesmo tempo, n\u00e3o \u00e9 extremista e sabe ponderar os valores familiares. Essa hist\u00f3ria \u00e9 algo que me comove.<\/p>\n<p><strong>E sua atua\u00e7\u00e3o partid\u00e1ria?<\/strong><\/p>\n<p>Sou filiado desde 2016 e j\u00e1 participei das \u00faltimas elei\u00e7\u00f5es municipais, onde concorri ao cargo de vereador. A cidade, de 15 mil habitantes, tem nove vagas para o cargo e contou com cerca de 70 candidatos. Fiquei na 9\u00aa posi\u00e7\u00e3o e n\u00e3o entrei por causa do sistema proporcional de legenda, mas fiquei como 1\u00ba suplente e o mais votado do PDT no munic\u00edpio. Com uma campanha lan\u00e7ada curta, obtive 409 votos de um total de 11.412 votos v\u00e1lidos.<\/p>\n<p><strong>Como avalia a situa\u00e7\u00e3o pol\u00edtica nacional?<\/strong><\/p>\n<p>A pol\u00edtica nacional est\u00e1, no geral, sem credibilidade. A maioria dos partidos fazem acordos para firmarem alian\u00e7as que apenas se autobeneficiam. Com isso, perderam a ess\u00eancia do real papel de um pol\u00edtico e criaram uma crise pol\u00edtica que afeta diretamente a economia e os avan\u00e7os sociais.<\/p>\n<p id=\"yui_3_16_0_ym19_1_1498010840428_43069\">A corrup\u00e7\u00e3o se estende nos poderes legislativos, executivos, judici\u00e1rios e com participa\u00e7\u00e3o da iniciativa privada. Formaram um golpe para a retirada da presidenta Dilma Rousseff, onde n\u00e3o houve a real preocupa\u00e7\u00e3o de um erro administrativo, mas sim com negocia\u00e7\u00f5es para tomada do poder. O pa\u00eds necessita urgentemente de um governante com ficha limpa, intelig\u00eancia, compet\u00eancia e que aplique os seus ideais com plano de gest\u00e3o e governabilidade para levar \u00e0 sociedade uma gest\u00e3o compartilhada.<\/p>\n<p id=\"yui_3_16_0_ym19_1_1498010840428_43067\"><strong id=\"yui_3_16_0_ym19_1_1498010840428_43066\">\u00c9 um momento fundamental para o PDT liderar o campo popular?<\/strong><\/p>\n<p id=\"yui_3_16_0_ym19_1_1498010840428_43064\">O PDT tem uma longa hist\u00f3ria de militar com o povo. Por isso, nada mais justo que um posicionamento forte e idealista, pois a omiss\u00e3o e a covardia nunca ser\u00e3o as verdadeiras representa\u00e7\u00f5es que uma sociedade justa espera. \u00c9 momento de fortalecer o Ciro Gomes em um elei\u00e7\u00e3o direta. O governo ileg\u00edtimo de Michel Temer n\u00e3o pode perdurar.<\/p>\n<p id=\"yui_3_16_0_ym19_1_1498010840428_43062\"><strong id=\"yui_3_16_0_ym19_1_1498010840428_43061\">Como avalia a pr\u00e9-candidatura de Ciro Gomes a presidente da Rep\u00fablica?<\/strong><\/p>\n<p id=\"yui_3_16_0_ym19_1_1498010840428_43055\">Acho a pessoa mais preparada para assumir a Presid\u00eancia. Sabe governar, respeita as diferen\u00e7as e luta pelo socialismo real que o Brasil precisa. Ele prioriza a igualdade econ\u00f4mica e defende os direitos do povo. D\u00e9cadas na pol\u00edtica e nenhum envolvimento com atos il\u00edcitos. Ou seja, levou a s\u00e9rio sua carreira e est\u00e1 preparado para nos representar. Mais do que um candidato ficha limpa, uma pessoa que sabe do que o cidad\u00e3o precisa com as convic\u00e7\u00f5es e ideologias de Leonel Brizola.<\/p>\n<!-- AddThis Advanced Settings generic via filter on the_content --><!-- AddThis Share Buttons generic via filter on the_content -->","protected":false},"excerpt":{"rendered":"<p>Recurso para educa\u00e7\u00e3o \u00e9 investimento, e n\u00e3o custo. Assim, Leonel Brizola guiava sua gest\u00e3o que marcou gera\u00e7\u00f5es tanto no Rio Grande do Sul, quanto no Rio de Janeiro, ambos estados governados pelo pedetista. Para exaltar esse legado de sucesso na data que marca os 13 anos sem o ga\u00facho de Carazinho, conversamos com Lucas Ramos&#8230;<!-- AddThis Advanced Settings generic via filter on wp_trim_excerpt --><!-- AddThis Share Buttons generic via filter on wp_trim_excerpt --><\/p>\n","protected":false},"author":17,"featured_media":54416,"comment_status":"closed","ping_status":"closed","sticky":false,"template":"","format":"standard","meta":{"_monsterinsights_skip_tracking":false,"_monsterinsights_sitenote_active":false,"_monsterinsights_sitenote_note":"","_monsterinsights_sitenote_category":0,"_uf_show_specific_survey":0,"_uf_disable_surveys":false,"footnotes":""},"categories":[1390,1400],"tags":[338,996,565,38],"class_list":["post-54415","post","type-post","status-publish","format-standard","has-post-thumbnail","hentry","category-editorias","category-entrevistas","tag-educacao","tag-educacao-de-qualidade","tag-leonel-brizola","tag-pdt"],"acf":[],"_links":{"self":[{"href":"https:\/\/pdt-rj.org.br\/index.php\/wp-json\/wp\/v2\/posts\/54415","targetHints":{"allow":["GET"]}}],"collection":[{"href":"https:\/\/pdt-rj.org.br\/index.php\/wp-json\/wp\/v2\/posts"}],"about":[{"href":"https:\/\/pdt-rj.org.br\/index.php\/wp-json\/wp\/v2\/types\/post"}],"author":[{"embeddable":true,"href":"https:\/\/pdt-rj.org.br\/index.php\/wp-json\/wp\/v2\/users\/17"}],"replies":[{"embeddable":true,"href":"https:\/\/pdt-rj.org.br\/index.php\/wp-json\/wp\/v2\/comments?post=54415"}],"version-history":[{"count":1,"href":"https:\/\/pdt-rj.org.br\/index.php\/wp-json\/wp\/v2\/posts\/54415\/revisions"}],"predecessor-version":[{"id":54417,"href":"https:\/\/pdt-rj.org.br\/index.php\/wp-json\/wp\/v2\/posts\/54415\/revisions\/54417"}],"wp:featuredmedia":[{"embeddable":true,"href":"https:\/\/pdt-rj.org.br\/index.php\/wp-json\/wp\/v2\/media\/54416"}],"wp:attachment":[{"href":"https:\/\/pdt-rj.org.br\/index.php\/wp-json\/wp\/v2\/media?parent=54415"}],"wp:term":[{"taxonomy":"category","embeddable":true,"href":"https:\/\/pdt-rj.org.br\/index.php\/wp-json\/wp\/v2\/categories?post=54415"},{"taxonomy":"post_tag","embeddable":true,"href":"https:\/\/pdt-rj.org.br\/index.php\/wp-json\/wp\/v2\/tags?post=54415"}],"curies":[{"name":"wp","href":"https:\/\/api.w.org\/{rel}","templated":true}]}}