{"id":54409,"date":"2017-06-21T00:39:46","date_gmt":"2017-06-21T03:39:46","guid":{"rendered":"http:\/\/pdt-rj.org.br\/?p=54409"},"modified":"2019-09-18T15:44:16","modified_gmt":"2019-09-18T18:44:16","slug":"ao-brizola-eu-devo-o-primeiro-lapis-que-tive-na-vida-caco-barcelos","status":"publish","type":"post","link":"https:\/\/pdt-rj.org.br\/index.php\/ao-brizola-eu-devo-o-primeiro-lapis-que-tive-na-vida-caco-barcelos\/","title":{"rendered":"\u201cAo Brizola, eu devo o primeiro l\u00e1pis que tive na vida\u201d, Caco Barcellos"},"content":{"rendered":"<div id=\"yiv1068132782yui_3_16_0_ym19_1_1497970190095_377872\">\n<p>Uma das maiores marcas do nacionalista Leonel Brizola \u00e9, sem sombra de d\u00favidas, a luta por uma educa\u00e7\u00e3o de qualidade no Brasil. E essa afirma\u00e7\u00e3o pode ser comprovada por meio de suas administra\u00e7\u00f5es, primeiro como governador do Rio Grande do Sul e, depois, no estado do Rio de Janeiro, que ele governou por duas vezes consecutivas.<\/p>\n<p>E quem melhor do que um ex-aluno beneficiado pelas pol\u00edticas p\u00fablicas adotadas por Brizola, para &#8220;desenhar&#8221; o papel que as iniciativas do fundador do PDT desempenharam para o futuro de v\u00e1rias crian\u00e7as pobres do Pa\u00eds?<\/p>\n<p>Leia, abaixo, a declara\u00e7\u00e3o do renomado jornalista Caco Barcellos, transcrita pelo jornal &#8216;O Dia&#8217;, em 27 de junho de 2004, por ocasi\u00e3o da morte do l\u00edder trabalhista, na qual ele expressa\u00a0que s\u00f3 conseguiu come\u00e7ar a estudar devido \u00e0 ajuda do ent\u00e3o governador ga\u00facho Leonel Brizola.<\/p>\n<p><em><strong>&#8220;<\/strong>Ao Brizola, eu devo o primeiro l\u00e1pis que tive na vida; o primeiro caderno \u2013 que a minha m\u00e3e guarda at\u00e9 hoje \u2013, a oportunidade de praticar esporte e m\u00fasica em um espa\u00e7o digno e o acesso \u00e0 alimenta\u00e7\u00e3o com prote\u00edna de primeira linha. Imposs\u00edvel tamb\u00e9m esquecer o dia em que eu e os meus colegas l\u00e1 na Partenon recebemos um t\u00eanis padr\u00e3o das \u2018brizolinhas\u2019, como eram chamadas as milhares de escolas p\u00fablicas que ele mandou construir nos bairros pobres de Porto Alegre.<\/em><em>\u00a0<\/em><\/p>\n<\/div>\n<p><em>Lembro, como se fosse hoje, que ouvi a justificativa do Brizola pelo r\u00e1dio; \u2018\u00c9 um absurdo que os animais do nosso Pa\u00eds sejam mais bem-tratados do que as nossas crian\u00e7as. Nunca vi, no Brasil, um bezerro abandonado, nem um cavalo sem ferradura no casco. Toda crian\u00e7a pobre tem que ter, no m\u00ednimo, o direito a um sapato no p\u00e9\u2019.<\/em><br \/>\n<em>\u00a0<\/em><br \/>\n<em>Isso foi objeto de muitas cr\u00edticas na imprensa dos conservadores, que j\u00e1 naquela \u00e9poca tentavam desmoraliz\u00e1-lo, dizendo que o Brizola era o prefeito dos \u2018p\u00e9s-de-chinelo\u2019, como se isso fosse uma ofensa.<\/em><br \/>\n<em>Portanto, a ajuda dele foi indireta, mas fundamental, decisiva. Eu s\u00f3 comecei a estudar aos oito anos de idade, porque, at\u00e9 1958, n\u00e3o havia vagas dispon\u00edveis, eram rar\u00edssimas as escolas p\u00fablicas para o prim\u00e1rio na periferia de Porto Alegre. Da mesma forma, o gin\u00e1sio onde estudei tamb\u00e9m foi constru\u00eddo durante a gest\u00e3o dele na prefeitura da cidade.<\/em><br \/>\n<em>\u00a0<\/em><br \/>\n<em>Por causa dessa base emotiva, nunca deixei de acompanhar com interesse a trajet\u00f3ria do Brizola como estadista. D\u00e9cadas depois, vibrei muito, quando ele reproduziu a experi\u00eancia das \u2018brizolinhas\u2019 no Rio de Janeiro, que ganharam o nome de Cieps \u2013 ou \u2018Brizol\u00f5es\u2019 \u2013, com o incentivo de outro guerreiro dos trabalhadores \u2018n\u00e3o-organizados\u2019 do Pa\u00eds, o Darcy Ribeiro.<\/em><\/p>\n<p><em>Ambos v\u00e3o fazer muita falta. Nunca entendi porque ele jamais teve o apoio da esquerda dos sindicalistas, dos trabalhadores organizados de S\u00e3o Paulo. Mas essa \u00e9 uma hist\u00f3ria para uma carta mais longa. Espero que algum dia o Brizola tenha a sua obra e import\u00e2ncia hist\u00f3rica reconhecidas, n\u00e3o s\u00f3 pelos pobres do Brasil.<\/em><\/p>\n<p><em>Um abra\u00e7o, Caco Barcellos.<strong>\u201d<\/strong><\/em><\/p>\n<div dir=\"ltr\"><\/div>\n<!-- AddThis Advanced Settings generic via filter on the_content --><!-- AddThis Share Buttons generic via filter on the_content -->","protected":false},"excerpt":{"rendered":"<p>Uma das maiores marcas do nacionalista Leonel Brizola \u00e9, sem sombra de d\u00favidas, a luta por uma educa\u00e7\u00e3o de qualidade no Brasil. E essa afirma\u00e7\u00e3o pode ser comprovada por meio de suas administra\u00e7\u00f5es, primeiro como governador do Rio Grande do Sul e, depois, no estado do Rio de Janeiro, que ele governou por duas vezes&#8230;<!-- AddThis Advanced Settings generic via filter on wp_trim_excerpt --><!-- AddThis Share Buttons generic via filter on wp_trim_excerpt --><\/p>\n","protected":false},"author":17,"featured_media":54410,"comment_status":"closed","ping_status":"closed","sticky":false,"template":"","format":"standard","meta":{"_monsterinsights_skip_tracking":false,"_monsterinsights_sitenote_active":false,"_monsterinsights_sitenote_note":"","_monsterinsights_sitenote_category":0,"_uf_show_specific_survey":0,"_uf_disable_surveys":false,"footnotes":""},"categories":[1390],"tags":[2412,1545,565,38,2413],"class_list":["post-54409","post","type-post","status-publish","format-standard","has-post-thumbnail","hentry","category-editorias","tag-caco-barcellos","tag-cieps","tag-leonel-brizola","tag-pdt","tag-politica-publica"],"acf":[],"_links":{"self":[{"href":"https:\/\/pdt-rj.org.br\/index.php\/wp-json\/wp\/v2\/posts\/54409","targetHints":{"allow":["GET"]}}],"collection":[{"href":"https:\/\/pdt-rj.org.br\/index.php\/wp-json\/wp\/v2\/posts"}],"about":[{"href":"https:\/\/pdt-rj.org.br\/index.php\/wp-json\/wp\/v2\/types\/post"}],"author":[{"embeddable":true,"href":"https:\/\/pdt-rj.org.br\/index.php\/wp-json\/wp\/v2\/users\/17"}],"replies":[{"embeddable":true,"href":"https:\/\/pdt-rj.org.br\/index.php\/wp-json\/wp\/v2\/comments?post=54409"}],"version-history":[{"count":15,"href":"https:\/\/pdt-rj.org.br\/index.php\/wp-json\/wp\/v2\/posts\/54409\/revisions"}],"predecessor-version":[{"id":54543,"href":"https:\/\/pdt-rj.org.br\/index.php\/wp-json\/wp\/v2\/posts\/54409\/revisions\/54543"}],"wp:featuredmedia":[{"embeddable":true,"href":"https:\/\/pdt-rj.org.br\/index.php\/wp-json\/wp\/v2\/media\/54410"}],"wp:attachment":[{"href":"https:\/\/pdt-rj.org.br\/index.php\/wp-json\/wp\/v2\/media?parent=54409"}],"wp:term":[{"taxonomy":"category","embeddable":true,"href":"https:\/\/pdt-rj.org.br\/index.php\/wp-json\/wp\/v2\/categories?post=54409"},{"taxonomy":"post_tag","embeddable":true,"href":"https:\/\/pdt-rj.org.br\/index.php\/wp-json\/wp\/v2\/tags?post=54409"}],"curies":[{"name":"wp","href":"https:\/\/api.w.org\/{rel}","templated":true}]}}